{"id":10641,"date":"2024-12-21T17:07:47","date_gmt":"2024-12-21T17:07:47","guid":{"rendered":"https:\/\/www.flemacon.org\/?p=10641"},"modified":"2024-12-21T17:09:03","modified_gmt":"2024-12-21T17:09:03","slug":"romaria-em-homenagem-a-pedro-huilca-tecse","status":"publish","type":"post","link":"https:\/\/www.flemacon.org\/pt\/2024\/12\/romaria-em-homenagem-a-pedro-huilca-tecse\/","title":{"rendered":"Romaria em homenagem a Pedro Huilca Tecse"},"content":{"rendered":"<p><strong>Romaria em homenagem a Pedro Huilca Tecse<\/strong><\/p>\n<p>No dia 18 de dezembro, a Federa\u00e7\u00e3o dos Trabalhadores da Constru\u00e7\u00e3o Civil do Peru (FTCCP) realizou uma Romaria ao t\u00famulo de Pedro Huilca Tecse, ex-secret\u00e1rio geral da CGTP e da FTCCP, no cemit\u00e9rio de El \u00c1ngel, em mem\u00f3ria dos 32 anos do seu assassinato.<\/p>\n<p>Trabalhadores e familiares relembraram a marca da luta do M\u00e1rtir da Classe Trabalhadora que enfrentou a ditadura e a pol\u00edtica antitrabalhista que mutilou direitos conquistados como negocia\u00e7\u00e3o coletiva, liberdade de associa\u00e7\u00e3o, estabilidade no emprego, entre outros.<\/p>\n<p>A FLEMACON divulgou uma nota de apoio e solidariedade \u00e0 Romaria a Pedro Huilca. Leia a seguir:<\/p>\n<p><em>\u00a1Apoyo a la Romer\u00eda a Pedro Huilca!<\/em><\/p>\n<p><em>La Federaci\u00f3n Latinoamericana y Caribe\u00f1a de Trabajadores de la Construcci\u00f3n, Madera y Materiales de la Construcci\u00f3n &#8211; FLEMACON apoya la FTCCP, CGTP y las y los trabajadores de la construcci\u00f3n peruanos en la jornada de la Romer\u00eda a Pedro Huilca, en 18 de diciembre de 2024, en lo Cementerio \u201cEl Angel\u201d.<\/em><\/p>\n<p><em>V\u00edctima de la sangrienta dictadura de Alberto Fujimori, m\u00e1rtir de la clase trabajadora, Pedro Huilca Tecse, naci\u00f3 en el a\u00f1o 1949 en el distrito de Ccorca, ubicado en Cusco. A inicios de la d\u00e9cada de 1990 asumi\u00f3 el cargo de Secretario General de la Confederaci\u00f3n General de Trabajadores del Per\u00fa (CGTP). En diciembre de 1992, particip\u00f3 en la Conferencia Anual de Ejecutivos (CADE).<\/em><\/p>\n<p><em>Aprovech\u00f3 este foro para denunciar duramente las restricciones laborales que ven\u00edan siendo adoptadas por la dictadura de Alberto Fujimori. Lamentablemente, pocos d\u00edas despu\u00e9s, fue acribillado frente a la puerta de su casa. Su asesinato fue presenciado por sus hijos, su esposa, sus vecinos. Por tanto, hay varios testigos.<\/em><\/p>\n<p><em>\u00a1Pedro Huilca, siempre presente!<\/em><\/p>\n<p><em>L\u00daCIA COSTA MAIA<\/em><br \/>\n<em>Presidente de FLEMACON<\/em><\/p>\n<p><em>COMIT\u00c9 EJECUTIVO DE LA FLEMACON<\/em><\/p>\n<p>#FTCCP<br \/>\n#construccioncivil<br \/>\n#pedrohuilcavive<\/p>\n<p><img loading=\"lazy\" decoding=\"async\" class=\"alignnone wp-image-10658 size-full\" src=\"https:\/\/www.flemacon.org\/wp-content\/uploads\/2024\/12\/FB_IMG_1734800484618.jpg\" alt=\"\" width=\"1080\" height=\"720\" srcset=\"https:\/\/www.flemacon.org\/wp-content\/uploads\/2024\/12\/FB_IMG_1734800484618.jpg 1080w, https:\/\/www.flemacon.org\/wp-content\/uploads\/2024\/12\/FB_IMG_1734800484618-300x200.jpg 300w, https:\/\/www.flemacon.org\/wp-content\/uploads\/2024\/12\/FB_IMG_1734800484618-1024x683.jpg 1024w, https:\/\/www.flemacon.org\/wp-content\/uploads\/2024\/12\/FB_IMG_1734800484618-768x512.jpg 768w, https:\/\/www.flemacon.org\/wp-content\/uploads\/2024\/12\/FB_IMG_1734800484618-150x100.jpg 150w, https:\/\/www.flemacon.org\/wp-content\/uploads\/2024\/12\/FB_IMG_1734800484618-696x464.jpg 696w, https:\/\/www.flemacon.org\/wp-content\/uploads\/2024\/12\/FB_IMG_1734800484618-1068x712.jpg 1068w\" sizes=\"auto, (max-width: 1080px) 100vw, 1080px\" \/><\/p>\n<p><img loading=\"lazy\" decoding=\"async\" class=\"alignnone wp-image-10657 size-full\" src=\"https:\/\/www.flemacon.org\/wp-content\/uploads\/2024\/12\/FB_IMG_1734800487308.jpg\" alt=\"\" width=\"1080\" height=\"720\" srcset=\"https:\/\/www.flemacon.org\/wp-content\/uploads\/2024\/12\/FB_IMG_1734800487308.jpg 1080w, https:\/\/www.flemacon.org\/wp-content\/uploads\/2024\/12\/FB_IMG_1734800487308-300x200.jpg 300w, https:\/\/www.flemacon.org\/wp-content\/uploads\/2024\/12\/FB_IMG_1734800487308-1024x683.jpg 1024w, https:\/\/www.flemacon.org\/wp-content\/uploads\/2024\/12\/FB_IMG_1734800487308-768x512.jpg 768w, https:\/\/www.flemacon.org\/wp-content\/uploads\/2024\/12\/FB_IMG_1734800487308-150x100.jpg 150w, https:\/\/www.flemacon.org\/wp-content\/uploads\/2024\/12\/FB_IMG_1734800487308-696x464.jpg 696w, https:\/\/www.flemacon.org\/wp-content\/uploads\/2024\/12\/FB_IMG_1734800487308-1068x712.jpg 1068w\" sizes=\"auto, (max-width: 1080px) 100vw, 1080px\" \/><\/p>\n<p><img loading=\"lazy\" decoding=\"async\" class=\"alignnone wp-image-10656 size-full\" src=\"https:\/\/www.flemacon.org\/wp-content\/uploads\/2024\/12\/FB_IMG_1734800490117.jpg\" alt=\"\" width=\"1080\" height=\"720\" srcset=\"https:\/\/www.flemacon.org\/wp-content\/uploads\/2024\/12\/FB_IMG_1734800490117.jpg 1080w, https:\/\/www.flemacon.org\/wp-content\/uploads\/2024\/12\/FB_IMG_1734800490117-300x200.jpg 300w, https:\/\/www.flemacon.org\/wp-content\/uploads\/2024\/12\/FB_IMG_1734800490117-1024x683.jpg 1024w, https:\/\/www.flemacon.org\/wp-content\/uploads\/2024\/12\/FB_IMG_1734800490117-768x512.jpg 768w, https:\/\/www.flemacon.org\/wp-content\/uploads\/2024\/12\/FB_IMG_1734800490117-150x100.jpg 150w, https:\/\/www.flemacon.org\/wp-content\/uploads\/2024\/12\/FB_IMG_1734800490117-696x464.jpg 696w, https:\/\/www.flemacon.org\/wp-content\/uploads\/2024\/12\/FB_IMG_1734800490117-1068x712.jpg 1068w\" sizes=\"auto, (max-width: 1080px) 100vw, 1080px\" \/><\/p>\n<p><img loading=\"lazy\" decoding=\"async\" class=\"alignnone wp-image-10655 size-full\" src=\"https:\/\/www.flemacon.org\/wp-content\/uploads\/2024\/12\/FB_IMG_1734800493081.jpg\" alt=\"\" width=\"1080\" height=\"720\" srcset=\"https:\/\/www.flemacon.org\/wp-content\/uploads\/2024\/12\/FB_IMG_1734800493081.jpg 1080w, https:\/\/www.flemacon.org\/wp-content\/uploads\/2024\/12\/FB_IMG_1734800493081-300x200.jpg 300w, https:\/\/www.flemacon.org\/wp-content\/uploads\/2024\/12\/FB_IMG_1734800493081-1024x683.jpg 1024w, https:\/\/www.flemacon.org\/wp-content\/uploads\/2024\/12\/FB_IMG_1734800493081-768x512.jpg 768w, https:\/\/www.flemacon.org\/wp-content\/uploads\/2024\/12\/FB_IMG_1734800493081-150x100.jpg 150w, https:\/\/www.flemacon.org\/wp-content\/uploads\/2024\/12\/FB_IMG_1734800493081-696x464.jpg 696w, https:\/\/www.flemacon.org\/wp-content\/uploads\/2024\/12\/FB_IMG_1734800493081-1068x712.jpg 1068w\" sizes=\"auto, (max-width: 1080px) 100vw, 1080px\" \/><\/p>\n","protected":false},"excerpt":{"rendered":"<p>Romaria em homenagem a Pedro Huilca Tecse No dia 18 de dezembro, a Federa\u00e7\u00e3o dos Trabalhadores da Constru\u00e7\u00e3o Civil do Peru (FTCCP) realizou uma Romaria ao t\u00famulo de Pedro Huilca Tecse, ex-secret\u00e1rio geral da CGTP e da FTCCP, no cemit\u00e9rio de El \u00c1ngel, em mem\u00f3ria dos 32 anos do seu assassinato. Trabalhadores e familiares relembraram [&hellip;]<\/p>\n","protected":false},"author":2,"featured_media":10662,"comment_status":"open","ping_status":"open","sticky":false,"template":"","format":"standard","meta":{"_coblocks_attr":"","_coblocks_dimensions":"","_coblocks_responsive_height":"","_coblocks_accordion_ie_support":"","footnotes":""},"categories":[28,31],"tags":[],"class_list":{"0":"post-10641","1":"post","2":"type-post","3":"status-publish","4":"format-standard","5":"has-post-thumbnail","7":"category-america-latina","8":"category-noticias-eventos"},"translation":{"provider":"WPGlobus","version":"3.0.2","language":"pt","enabled_languages":["es","pt"],"languages":{"es":{"title":true,"content":true,"excerpt":false},"pt":{"title":true,"content":true,"excerpt":false}}},"_links":{"self":[{"href":"https:\/\/www.flemacon.org\/pt\/wp-json\/wp\/v2\/posts\/10641","targetHints":{"allow":["GET"]}}],"collection":[{"href":"https:\/\/www.flemacon.org\/pt\/wp-json\/wp\/v2\/posts"}],"about":[{"href":"https:\/\/www.flemacon.org\/pt\/wp-json\/wp\/v2\/types\/post"}],"author":[{"embeddable":true,"href":"https:\/\/www.flemacon.org\/pt\/wp-json\/wp\/v2\/users\/2"}],"replies":[{"embeddable":true,"href":"https:\/\/www.flemacon.org\/pt\/wp-json\/wp\/v2\/comments?post=10641"}],"version-history":[{"count":4,"href":"https:\/\/www.flemacon.org\/pt\/wp-json\/wp\/v2\/posts\/10641\/revisions"}],"predecessor-version":[{"id":10828,"href":"https:\/\/www.flemacon.org\/pt\/wp-json\/wp\/v2\/posts\/10641\/revisions\/10828"}],"wp:featuredmedia":[{"embeddable":true,"href":"https:\/\/www.flemacon.org\/pt\/wp-json\/wp\/v2\/media\/10662"}],"wp:attachment":[{"href":"https:\/\/www.flemacon.org\/pt\/wp-json\/wp\/v2\/media?parent=10641"}],"wp:term":[{"taxonomy":"category","embeddable":true,"href":"https:\/\/www.flemacon.org\/pt\/wp-json\/wp\/v2\/categories?post=10641"},{"taxonomy":"post_tag","embeddable":true,"href":"https:\/\/www.flemacon.org\/pt\/wp-json\/wp\/v2\/tags?post=10641"}],"curies":[{"name":"wp","href":"https:\/\/api.w.org\/{rel}","templated":true}]}}