{"id":10774,"date":"2025-01-03T12:31:21","date_gmt":"2025-01-03T12:31:21","guid":{"rendered":"https:\/\/www.flemacon.org\/?p=10774"},"modified":"2025-01-10T00:42:36","modified_gmt":"2025-01-10T00:42:36","slug":"peru-ftccp-prestou-homenagem-a-memoria-de-isidoro-gamarra","status":"publish","type":"post","link":"https:\/\/www.flemacon.org\/pt\/2025\/01\/peru-ftccp-prestou-homenagem-a-memoria-de-isidoro-gamarra\/","title":{"rendered":"Per\u00fa: FTCCP prestou homenagem \u00e0 mem\u00f3ria de Isidoro Gamarra"},"content":{"rendered":"<p>A Federa\u00e7\u00e3o dos Trabalhadores da Constru\u00e7\u00e3o Civil do Peru (FTCCP) prestou homenagem ao hist\u00f3rico dirigente sindical Isidoro Gamarra, no 118\u00ba anivers\u00e1rio de seu nascimento neste dia 2 de janeiro, em peregrina\u00e7\u00e3o ao seu t\u00famulo no Cemit\u00e9rio El \u00c1ngel , convocado pela CGTP.<\/p>\n<p>Gamarra foi o impulsionador da funda\u00e7\u00e3o da FTCCP, bem como um de seus dirigentes, al\u00e9m de ex-presidente da Confedera\u00e7\u00e3o Geral dos Trabalhadores do Peru (CGTP).<\/p>\n<p>Tamb\u00e9m se destacou na Assembleia Constituinte de 1978 que resultou na Constitui\u00e7\u00e3o de 1979, sua atua\u00e7\u00e3o no Senado foi reconhecida como exemplo da capacidade dos trabalhadores organizados em influenciar positivamente a pol\u00edtica e fortalecer a democracia.<\/p>\n<p>Diferentes bases sindicais da CGTP recordaram o legado de luta de Gamarra e ratificaram o seu compromisso com a defesa da classe trabalhadora.<\/p>\n<p>#isidorogamarra<\/p>\n<p>#CGTP<\/p>\n<p>#FTCCP<\/p>\n<p>#stcclb<\/p>\n<p><img loading=\"lazy\" decoding=\"async\" class=\"alignnone wp-image-10778 size-full\" src=\"https:\/\/www.flemacon.org\/wp-content\/uploads\/2025\/01\/FB_IMG_1736461541822.jpg\" alt=\"\" width=\"1080\" height=\"720\" srcset=\"https:\/\/www.flemacon.org\/wp-content\/uploads\/2025\/01\/FB_IMG_1736461541822.jpg 1080w, https:\/\/www.flemacon.org\/wp-content\/uploads\/2025\/01\/FB_IMG_1736461541822-300x200.jpg 300w, https:\/\/www.flemacon.org\/wp-content\/uploads\/2025\/01\/FB_IMG_1736461541822-1024x683.jpg 1024w, https:\/\/www.flemacon.org\/wp-content\/uploads\/2025\/01\/FB_IMG_1736461541822-768x512.jpg 768w, https:\/\/www.flemacon.org\/wp-content\/uploads\/2025\/01\/FB_IMG_1736461541822-150x100.jpg 150w, https:\/\/www.flemacon.org\/wp-content\/uploads\/2025\/01\/FB_IMG_1736461541822-696x464.jpg 696w, https:\/\/www.flemacon.org\/wp-content\/uploads\/2025\/01\/FB_IMG_1736461541822-1068x712.jpg 1068w\" sizes=\"auto, (max-width: 1080px) 100vw, 1080px\" \/><\/p>\n<p><img loading=\"lazy\" decoding=\"async\" class=\"alignnone wp-image-10779 size-full\" src=\"https:\/\/www.flemacon.org\/wp-content\/uploads\/2025\/01\/FB_IMG_1736461534157.jpg\" alt=\"\" width=\"1080\" height=\"720\" srcset=\"https:\/\/www.flemacon.org\/wp-content\/uploads\/2025\/01\/FB_IMG_1736461534157.jpg 1080w, https:\/\/www.flemacon.org\/wp-content\/uploads\/2025\/01\/FB_IMG_1736461534157-300x200.jpg 300w, https:\/\/www.flemacon.org\/wp-content\/uploads\/2025\/01\/FB_IMG_1736461534157-1024x683.jpg 1024w, https:\/\/www.flemacon.org\/wp-content\/uploads\/2025\/01\/FB_IMG_1736461534157-768x512.jpg 768w, https:\/\/www.flemacon.org\/wp-content\/uploads\/2025\/01\/FB_IMG_1736461534157-150x100.jpg 150w, https:\/\/www.flemacon.org\/wp-content\/uploads\/2025\/01\/FB_IMG_1736461534157-696x464.jpg 696w, https:\/\/www.flemacon.org\/wp-content\/uploads\/2025\/01\/FB_IMG_1736461534157-1068x712.jpg 1068w\" sizes=\"auto, (max-width: 1080px) 100vw, 1080px\" \/><\/p>\n","protected":false},"excerpt":{"rendered":"<p>A Federa\u00e7\u00e3o dos Trabalhadores da Constru\u00e7\u00e3o Civil do Peru (FTCCP) prestou homenagem ao hist\u00f3rico dirigente sindical Isidoro Gamarra, no 118\u00ba anivers\u00e1rio de seu nascimento neste dia 2 de janeiro, em peregrina\u00e7\u00e3o ao seu t\u00famulo no Cemit\u00e9rio El \u00c1ngel , convocado pela CGTP. Gamarra foi o impulsionador da funda\u00e7\u00e3o da FTCCP, bem como um de seus [&hellip;]<\/p>\n","protected":false},"author":2,"featured_media":10776,"comment_status":"open","ping_status":"open","sticky":false,"template":"","format":"standard","meta":{"_coblocks_attr":"","_coblocks_dimensions":"","_coblocks_responsive_height":"","_coblocks_accordion_ie_support":"","footnotes":""},"categories":[28,31],"tags":[],"class_list":{"0":"post-10774","1":"post","2":"type-post","3":"status-publish","4":"format-standard","5":"has-post-thumbnail","7":"category-america-latina","8":"category-noticias-eventos"},"translation":{"provider":"WPGlobus","version":"3.0.2","language":"pt","enabled_languages":["es","pt"],"languages":{"es":{"title":true,"content":true,"excerpt":false},"pt":{"title":true,"content":true,"excerpt":false}}},"_links":{"self":[{"href":"https:\/\/www.flemacon.org\/pt\/wp-json\/wp\/v2\/posts\/10774","targetHints":{"allow":["GET"]}}],"collection":[{"href":"https:\/\/www.flemacon.org\/pt\/wp-json\/wp\/v2\/posts"}],"about":[{"href":"https:\/\/www.flemacon.org\/pt\/wp-json\/wp\/v2\/types\/post"}],"author":[{"embeddable":true,"href":"https:\/\/www.flemacon.org\/pt\/wp-json\/wp\/v2\/users\/2"}],"replies":[{"embeddable":true,"href":"https:\/\/www.flemacon.org\/pt\/wp-json\/wp\/v2\/comments?post=10774"}],"version-history":[{"count":3,"href":"https:\/\/www.flemacon.org\/pt\/wp-json\/wp\/v2\/posts\/10774\/revisions"}],"predecessor-version":[{"id":10782,"href":"https:\/\/www.flemacon.org\/pt\/wp-json\/wp\/v2\/posts\/10774\/revisions\/10782"}],"wp:featuredmedia":[{"embeddable":true,"href":"https:\/\/www.flemacon.org\/pt\/wp-json\/wp\/v2\/media\/10776"}],"wp:attachment":[{"href":"https:\/\/www.flemacon.org\/pt\/wp-json\/wp\/v2\/media?parent=10774"}],"wp:term":[{"taxonomy":"category","embeddable":true,"href":"https:\/\/www.flemacon.org\/pt\/wp-json\/wp\/v2\/categories?post=10774"},{"taxonomy":"post_tag","embeddable":true,"href":"https:\/\/www.flemacon.org\/pt\/wp-json\/wp\/v2\/tags?post=10774"}],"curies":[{"name":"wp","href":"https:\/\/api.w.org\/{rel}","templated":true}]}}