{"id":11193,"date":"2025-05-06T09:43:12","date_gmt":"2025-05-06T09:43:12","guid":{"rendered":"https:\/\/www.flemacon.org\/?p=11193"},"modified":"2025-05-30T06:45:28","modified_gmt":"2025-05-30T06:45:28","slug":"uitbb-lamenta-o-camarada-carlos-antonio-de-dios-oquendo-de-cuba","status":"publish","type":"post","link":"https:\/\/www.flemacon.org\/pt\/2025\/05\/uitbb-lamenta-o-camarada-carlos-antonio-de-dios-oquendo-de-cuba\/","title":{"rendered":"UITBB lamenta o camarada Carlos Antonio De Dios Oquendo de Cuba"},"content":{"rendered":"<p><strong>UITBB lamenta o camarada Carlos Antonio De Dios Oquendo de Cuba<\/strong><\/p>\n<p>\u00c9 com grande tristeza que a Internacional Sindical dos Trabalhadores das Ind\u00fastrias da Constru\u00e7\u00e3o, Madeira e Materiais de Constru\u00e7\u00e3o (UITBB) foi informada do falecimento do camarada Carlos Antonio De Dios Oquendo, ex-secret\u00e1rio-geral do Sindicato Nacional de Trabajadores de la Construcci\u00f3n (SNTC) de Cuba e membro do Comit\u00ea Executivo da UITBB.<\/p>\n<p>O camarada Carlos foi um dos sindicalistas mais militantes da SNTC e da UITBB na Am\u00e9rica Latina e no Caribe. A vida de Carlos foi marcada por seu compromisso pr\u00e1tico com os direitos dos trabalhadores e sua cren\u00e7a de que os trabalhadores da constru\u00e7\u00e3o civil merecem dignidade e seguran\u00e7a. Desde seus primeiros dias no setor da constru\u00e7\u00e3o civil cubano at\u00e9 seu trabalho internacional com a UITBB, ele permaneceu fiel \u00e0s suas ra\u00edzes oper\u00e1rias e aos seus princ\u00edpios revolucion\u00e1rios.<\/p>\n<p>Como l\u00edder da SNTC Cuba, Carlos trabalhou incansavelmente para melhorar as condi\u00e7\u00f5es dos trabalhadores da constru\u00e7\u00e3o civil, com foco na seguran\u00e7a no local de trabalho, treinamento e garantia de que os trabalhadores tivessem voz ativa em seu setor. Sua conex\u00e3o direta com os trabalhadores nos canteiros de obras lhe rendeu profundo respeito de colegas e camaradas.<\/p>\n<p>Durante seu mandato no Comit\u00ea Executivo da UITBB, Carlos trouxe uma perspectiva valiosa de Cuba e compartilhou suas ideias revolucion\u00e1rias com o resto do mundo por meio das fileiras da UITBB. Suas contribui\u00e7\u00f5es fortaleceram nossas campanhas contra a explora\u00e7\u00e3o do capital em todos os continentes. A solidariedade internacional sempre foi muito importante para Carlos, que se dedicou a construir conex\u00f5es reais entre trabalhadores em todo o mundo que enfrentavam lutas semelhantes.<\/p>\n<p>Honramos o camarada Carlos n\u00e3o apenas com palavras, mas com a continuidade de seu trabalho. As li\u00e7\u00f5es que ele nos ensinou \u2014 sobre solidariedade, sobre permanecer firme contra a explora\u00e7\u00e3o, sobre a dignidade do trabalho, sobre a coragem contra o longo e desumano bloqueio imposto por sucessivos governos americanos \u2014 guiar\u00e3o nossa luta cont\u00ednua pelos trabalhadores da constru\u00e7\u00e3o civil em todo o mundo. Seu legado permanece vivo nas rela\u00e7\u00f5es entre os sindicatos da constru\u00e7\u00e3o civil em todos os continentes e em nosso compromisso coletivo com um mundo onde os trabalhadores construam n\u00e3o apenas estruturas, mas uma sociedade justa.<\/p>\n<p>Camarada Carlos Antonio De Dios Oquendo, voc\u00ea far\u00e1 falta, mas n\u00e3o ser\u00e1 esquecido.<\/p>\n<p>Secretariado da UITBB<\/p>\n","protected":false},"excerpt":{"rendered":"<p>UITBB lamenta o camarada Carlos Antonio De Dios Oquendo de Cuba \u00c9 com grande tristeza que a Internacional Sindical dos Trabalhadores das Ind\u00fastrias da Constru\u00e7\u00e3o, Madeira e Materiais de Constru\u00e7\u00e3o (UITBB) foi informada do falecimento do camarada Carlos Antonio De Dios Oquendo, ex-secret\u00e1rio-geral do Sindicato Nacional de Trabajadores de la Construcci\u00f3n (SNTC) de Cuba e [&hellip;]<\/p>\n","protected":false},"author":2,"featured_media":11195,"comment_status":"closed","ping_status":"closed","sticky":false,"template":"","format":"standard","meta":{"_coblocks_attr":"","_coblocks_dimensions":"","_coblocks_responsive_height":"","_coblocks_accordion_ie_support":"","footnotes":""},"categories":[28,29,31],"tags":[],"class_list":{"0":"post-11193","1":"post","2":"type-post","3":"status-publish","4":"format-standard","5":"has-post-thumbnail","7":"category-america-latina","8":"category-mundo","9":"category-noticias-eventos"},"translation":{"provider":"WPGlobus","version":"3.0.2","language":"pt","enabled_languages":["es","pt"],"languages":{"es":{"title":true,"content":true,"excerpt":false},"pt":{"title":true,"content":true,"excerpt":false}}},"_links":{"self":[{"href":"https:\/\/www.flemacon.org\/pt\/wp-json\/wp\/v2\/posts\/11193","targetHints":{"allow":["GET"]}}],"collection":[{"href":"https:\/\/www.flemacon.org\/pt\/wp-json\/wp\/v2\/posts"}],"about":[{"href":"https:\/\/www.flemacon.org\/pt\/wp-json\/wp\/v2\/types\/post"}],"author":[{"embeddable":true,"href":"https:\/\/www.flemacon.org\/pt\/wp-json\/wp\/v2\/users\/2"}],"replies":[{"embeddable":true,"href":"https:\/\/www.flemacon.org\/pt\/wp-json\/wp\/v2\/comments?post=11193"}],"version-history":[{"count":3,"href":"https:\/\/www.flemacon.org\/pt\/wp-json\/wp\/v2\/posts\/11193\/revisions"}],"predecessor-version":[{"id":11199,"href":"https:\/\/www.flemacon.org\/pt\/wp-json\/wp\/v2\/posts\/11193\/revisions\/11199"}],"wp:featuredmedia":[{"embeddable":true,"href":"https:\/\/www.flemacon.org\/pt\/wp-json\/wp\/v2\/media\/11195"}],"wp:attachment":[{"href":"https:\/\/www.flemacon.org\/pt\/wp-json\/wp\/v2\/media?parent=11193"}],"wp:term":[{"taxonomy":"category","embeddable":true,"href":"https:\/\/www.flemacon.org\/pt\/wp-json\/wp\/v2\/categories?post=11193"},{"taxonomy":"post_tag","embeddable":true,"href":"https:\/\/www.flemacon.org\/pt\/wp-json\/wp\/v2\/tags?post=11193"}],"curies":[{"name":"wp","href":"https:\/\/api.w.org\/{rel}","templated":true}]}}