{"id":11389,"date":"2025-07-16T23:06:02","date_gmt":"2025-07-16T23:06:02","guid":{"rendered":"https:\/\/www.flemacon.org\/?p=11389"},"modified":"2025-07-17T01:15:37","modified_gmt":"2025-07-17T01:15:37","slug":"flemacon-saluda-los-76-anos-de-la-uitbb","status":"publish","type":"post","link":"https:\/\/www.flemacon.org\/pt\/2025\/07\/flemacon-saluda-los-76-anos-de-la-uitbb\/","title":{"rendered":"FLEMACON sa\u00fada os 76 anos da UITBB"},"content":{"rendered":"<p>Secret\u00e1rio Geral da UITBB<br \/>\nMICHALIS PAPANIKOLAOU<\/p>\n<p>Estimados camaradas:<\/p>\n<p>Com imensa satisfa\u00e7\u00e3o e alegria a Federa\u00e7\u00e3o Latino-americana dos Trabalhadores da Constru\u00e7\u00e3o, Madeira e Materiais de Constru\u00e7\u00e3o (FLEMACON) sa\u00fada a Uni\u00e3o Internacional dos Sindicatos dos Trabalhadores da Constru\u00e7\u00e3o, Madeira e Materiais de Constru\u00e7\u00e3o (UITBB) pelos seus 76 anos de lutas em defesa da classe trabalhadora, completados em 16 de julho.<\/p>\n<p>A UITBB foi criada no Congresso de funda\u00e7\u00e3o, realizado de 14 a 16 de julho de 1949 em Mil\u00e3o (It\u00e1lia) e ao longo desses 76 anos escreveu uma hist\u00f3ria de lutas, resist\u00eancia e compromisso com a defesa dos direitos dos trabalhadores do ramo da constru\u00e7\u00e3o, pela unidade nas lutas, contra o imperialismo, em defesa dos imigrantes, pelo fim do bloqueio dos EEUU contra Cuba, pelo Estado Livre da Palestina, pela soberania dos povos, pelo socialismo e em defesa da classe trabalhadora internacional.<\/p>\n<p>A UITBB trabalha incansavelmente em todos os n\u00edveis para alcan\u00e7ar e fortalecer a mais abrangente unidade de a\u00e7\u00e3o para a concretiza\u00e7\u00e3o das reivindica\u00e7\u00f5es dos sindicatos e dos trabalhadores que representa.<\/p>\n<p>A FLEMACON ressalta a import\u00e2ncia da UITBB e reafirma que \u00e9 uma grande honra integrar as suas fileiras.<\/p>\n<p>Juntos somos mais fortes!<\/p>\n<p>Sauda\u00e7\u00f5es fraternais!<\/p>\n<p>L\u00daCIA COSTA MAIA<br \/>\nPresidente da FLEMACON<\/p>\n<p>COMIT\u00c9 EJECUTIVO DE LA FLEMACON<\/p>\n","protected":false},"excerpt":{"rendered":"<p>Secret\u00e1rio Geral da UITBB MICHALIS PAPANIKOLAOU Estimados camaradas: Com imensa satisfa\u00e7\u00e3o e alegria a Federa\u00e7\u00e3o Latino-americana dos Trabalhadores da Constru\u00e7\u00e3o, Madeira e Materiais de Constru\u00e7\u00e3o (FLEMACON) sa\u00fada a Uni\u00e3o Internacional dos Sindicatos dos Trabalhadores da Constru\u00e7\u00e3o, Madeira e Materiais de Constru\u00e7\u00e3o (UITBB) pelos seus 76 anos de lutas em defesa da classe trabalhadora, completados em [&hellip;]<\/p>\n","protected":false},"author":2,"featured_media":11391,"comment_status":"closed","ping_status":"open","sticky":false,"template":"","format":"standard","meta":{"_coblocks_attr":"","_coblocks_dimensions":"","_coblocks_responsive_height":"","_coblocks_accordion_ie_support":"","footnotes":""},"categories":[28,29,31],"tags":[114,45,44,41],"class_list":{"0":"post-11389","1":"post","2":"type-post","3":"status-publish","4":"format-standard","5":"has-post-thumbnail","7":"category-america-latina","8":"category-mundo","9":"category-noticias-eventos","10":"tag-76-anos","11":"tag-flemacon","12":"tag-michalis-papanikolaou","13":"tag-uitbb"},"translation":{"provider":"WPGlobus","version":"3.0.2","language":"pt","enabled_languages":["es","pt"],"languages":{"es":{"title":true,"content":true,"excerpt":false},"pt":{"title":true,"content":true,"excerpt":false}}},"_links":{"self":[{"href":"https:\/\/www.flemacon.org\/pt\/wp-json\/wp\/v2\/posts\/11389","targetHints":{"allow":["GET"]}}],"collection":[{"href":"https:\/\/www.flemacon.org\/pt\/wp-json\/wp\/v2\/posts"}],"about":[{"href":"https:\/\/www.flemacon.org\/pt\/wp-json\/wp\/v2\/types\/post"}],"author":[{"embeddable":true,"href":"https:\/\/www.flemacon.org\/pt\/wp-json\/wp\/v2\/users\/2"}],"replies":[{"embeddable":true,"href":"https:\/\/www.flemacon.org\/pt\/wp-json\/wp\/v2\/comments?post=11389"}],"version-history":[{"count":3,"href":"https:\/\/www.flemacon.org\/pt\/wp-json\/wp\/v2\/posts\/11389\/revisions"}],"predecessor-version":[{"id":11396,"href":"https:\/\/www.flemacon.org\/pt\/wp-json\/wp\/v2\/posts\/11389\/revisions\/11396"}],"wp:featuredmedia":[{"embeddable":true,"href":"https:\/\/www.flemacon.org\/pt\/wp-json\/wp\/v2\/media\/11391"}],"wp:attachment":[{"href":"https:\/\/www.flemacon.org\/pt\/wp-json\/wp\/v2\/media?parent=11389"}],"wp:term":[{"taxonomy":"category","embeddable":true,"href":"https:\/\/www.flemacon.org\/pt\/wp-json\/wp\/v2\/categories?post=11389"},{"taxonomy":"post_tag","embeddable":true,"href":"https:\/\/www.flemacon.org\/pt\/wp-json\/wp\/v2\/tags?post=11389"}],"curies":[{"name":"wp","href":"https:\/\/api.w.org\/{rel}","templated":true}]}}