{"id":11676,"date":"2025-10-20T14:32:41","date_gmt":"2025-10-20T14:32:41","guid":{"rendered":"https:\/\/www.flemacon.org\/?p=11676"},"modified":"2025-10-20T17:35:25","modified_gmt":"2025-10-20T17:35:25","slug":"flemacon-celebra-su-55o-aniversario-de-fundacion","status":"publish","type":"post","link":"https:\/\/www.flemacon.org\/pt\/2025\/10\/flemacon-celebra-su-55o-aniversario-de-fundacion\/","title":{"rendered":"FLEMACON celebra 55 anos de funda\u00e7\u00e3o"},"content":{"rendered":"<p>A Federa\u00e7\u00e3o Latino-Americana de Trabalhadores da Constru\u00e7\u00e3o, Madeira e Materiais de Constru\u00e7\u00e3o (FLEMACON) re\u00fane sua diretoria, apoiadores e dirigentes sindicais de todo o mundo, para celebrar seu 55\u00ba anivers\u00e1rio de funda\u00e7\u00e3o, numa Confer\u00eancia h\u00edbrida (online e presencial) com Daniel Diverio, deputado do Uruguai, ex-presidente da UITBB e ex-secret\u00e1rio geral do SUNCA, que acontece \u00e0s 11 horas (am Brasil), nesta sexta-feira, 24 de outubro, na sede do Sindicato dos Trabalhadores na Ind\u00fastria da Constru\u00e7\u00e3o e da Madeira (SINTRACOM-BA), na cidade de Salvador, Bahia, Brasil.<\/p>\n<p>E celebrar tamb\u00e9m o Dia dos Trabalhadores da Constru\u00e7\u00e3o da Am\u00e9rica Latina, 25 de outubro, que coincide com a data de funda\u00e7\u00e3o da FLEMACON, que aconteceu no mesmo dia, em 1970, no Peru<\/p>\n<p>Desde ent\u00e3o, a FLEMACON est\u00e1 sempre presente, liderando ou participando das lutas em defesa dos trabalhadores da constru\u00e7\u00e3o na Am\u00e9rica Latina e Caribe e apoiando com sentimento de solidariedade internacional as lutas da classe trabalhadora em todo o mundo.<\/p>\n<p>H\u00e1 55 anos, a FLEMACON escreve sua hist\u00f3ria atuando com firmeza para garantir os direitos dos trabalhadores e trabalhadoras do ramo da constru\u00e7\u00e3o, e avan\u00e7ar na luta por melhores sal\u00e1rios, sa\u00fade e seguran\u00e7a no trabalho, e mais qualidade de vida para os trabalhadores e suas fam\u00edlias.<\/p>\n<p>Neste ano de 2025, a presidenta da entidade, L\u00facia Maia, destaca que precisamos fortalecer o movimento sindical nas bases e reafirmar a unidade na luta classista, libert\u00e1ria e socialista, defendida pelos pioneiros da FLEMACON, desde a sua funda\u00e7\u00e3o.<\/p>\n<p>L\u00facia Maia v\u00ea com preocupa\u00e7\u00e3o a movimenta\u00e7\u00e3o da extrema-direita em todo o mundo, que atua para promover o renascimento do nazifascismo, dissemina a cultura do \u00f3dio, da intoler\u00e2ncia e da viol\u00eancia contra os trabalhadores, as minorias e os imigrantes.<\/p>\n<p>E conclama as lideran\u00e7as sindicais a revigorar os sentimentos, compromissos e convic\u00e7\u00f5es da resist\u00eancia classista, atrav\u00e9s da promo\u00e7\u00e3o de atividades e a\u00e7\u00f5es concretas, para o enfrentamento e fortalecimento da FLEMACON, na luta para avan\u00e7ar nas conquistas de direitos, defender a soberania dos povos, o fim do bloqueio imperialista contra Cuba, a Palestina livre e a paz mundial.<\/p>\n<p>&nbsp;<\/p>\n","protected":false},"excerpt":{"rendered":"<p>A Federa\u00e7\u00e3o Latino-Americana de Trabalhadores da Constru\u00e7\u00e3o, Madeira e Materiais de Constru\u00e7\u00e3o (FLEMACON) re\u00fane sua diretoria, apoiadores e dirigentes sindicais de todo o mundo, para celebrar seu 55\u00ba anivers\u00e1rio de funda\u00e7\u00e3o, numa Confer\u00eancia h\u00edbrida (online e presencial) com Daniel Diverio, deputado do Uruguai, ex-presidente da UITBB e ex-secret\u00e1rio geral do SUNCA, que acontece \u00e0s 11 [&hellip;]<\/p>\n","protected":false},"author":2,"featured_media":11679,"comment_status":"closed","ping_status":"open","sticky":false,"template":"","format":"standard","meta":{"_coblocks_attr":"","_coblocks_dimensions":"","_coblocks_responsive_height":"","_coblocks_accordion_ie_support":"","footnotes":""},"categories":[28,25,31],"tags":[],"class_list":{"0":"post-11676","1":"post","2":"type-post","3":"status-publish","4":"format-standard","5":"has-post-thumbnail","7":"category-america-latina","8":"category-historia","9":"category-noticias-eventos"},"translation":{"provider":"WPGlobus","version":"3.0.2","language":"pt","enabled_languages":["es","pt"],"languages":{"es":{"title":true,"content":true,"excerpt":false},"pt":{"title":true,"content":true,"excerpt":false}}},"_links":{"self":[{"href":"https:\/\/www.flemacon.org\/pt\/wp-json\/wp\/v2\/posts\/11676","targetHints":{"allow":["GET"]}}],"collection":[{"href":"https:\/\/www.flemacon.org\/pt\/wp-json\/wp\/v2\/posts"}],"about":[{"href":"https:\/\/www.flemacon.org\/pt\/wp-json\/wp\/v2\/types\/post"}],"author":[{"embeddable":true,"href":"https:\/\/www.flemacon.org\/pt\/wp-json\/wp\/v2\/users\/2"}],"replies":[{"embeddable":true,"href":"https:\/\/www.flemacon.org\/pt\/wp-json\/wp\/v2\/comments?post=11676"}],"version-history":[{"count":4,"href":"https:\/\/www.flemacon.org\/pt\/wp-json\/wp\/v2\/posts\/11676\/revisions"}],"predecessor-version":[{"id":11681,"href":"https:\/\/www.flemacon.org\/pt\/wp-json\/wp\/v2\/posts\/11676\/revisions\/11681"}],"wp:featuredmedia":[{"embeddable":true,"href":"https:\/\/www.flemacon.org\/pt\/wp-json\/wp\/v2\/media\/11679"}],"wp:attachment":[{"href":"https:\/\/www.flemacon.org\/pt\/wp-json\/wp\/v2\/media?parent=11676"}],"wp:term":[{"taxonomy":"category","embeddable":true,"href":"https:\/\/www.flemacon.org\/pt\/wp-json\/wp\/v2\/categories?post=11676"},{"taxonomy":"post_tag","embeddable":true,"href":"https:\/\/www.flemacon.org\/pt\/wp-json\/wp\/v2\/tags?post=11676"}],"curies":[{"name":"wp","href":"https:\/\/api.w.org\/{rel}","templated":true}]}}