{"id":11838,"date":"2025-12-17T19:29:49","date_gmt":"2025-12-17T19:29:49","guid":{"rendered":"https:\/\/www.flemacon.org\/?p=11838"},"modified":"2025-12-18T21:14:21","modified_gmt":"2025-12-18T21:14:21","slug":"congreso-en-caracas-reune-a-liderazgos-de-la-clase-trabajadora-en-defensa-de-la-paz-y-la-soberania-de-los-pueblos","status":"publish","type":"post","link":"https:\/\/www.flemacon.org\/pt\/2025\/12\/congreso-en-caracas-reune-a-liderazgos-de-la-clase-trabajadora-en-defensa-de-la-paz-y-la-soberania-de-los-pueblos\/","title":{"rendered":"Congresso em Caracas re\u00fane lideran\u00e7as da classe trabalhadora em defesa da paz e soberania dos povos"},"content":{"rendered":"<div style=\"width: 696px;\" class=\"wp-video\"><video class=\"wp-video-shortcode\" id=\"video-11838-1\" width=\"696\" height=\"394\" preload=\"metadata\" controls=\"controls\"><source type=\"video\/mp4\" src=\"https:\/\/www.flemacon.org\/wp-content\/uploads\/2025\/12\/VID-20251217-WA02081.mp4?_=1\" \/><a href=\"https:\/\/www.flemacon.org\/wp-content\/uploads\/2025\/12\/VID-20251217-WA02081.mp4\">https:\/\/www.flemacon.org\/wp-content\/uploads\/2025\/12\/VID-20251217-WA02081.mp4<\/a><\/video><\/div>\n<p>&nbsp;<\/p>\n<p>O I Congresso Latino-Americano, do Caribe e Mundial da Classe Trabalhadora em Defesa da Paz reuniu, em 17 de dezembro de 2025, na cidade de Caracas, na Rep\u00fablica Bolivariana da Venezuela, lideran\u00e7as do movimento sindical da Am\u00e9rica Latina, do Caribe e de diversas regi\u00f5es do mundo.<\/p>\n<p>O Secret\u00e1rio Geral da FLEMACON, Jos\u00e9 Agust\u00edn dos Santos, representou e fez seu discurso levando a mensagem da Federa\u00e7\u00e3o que re\u00fane sindicatos de trabalhadores da constru\u00e7\u00e3o, madeira e materiais de constru\u00e7\u00e3o, da Am\u00e9rica Latina e Caribe. (leia texto no final).<\/p>\n<p>A Am\u00e9rica Latina e o Caribe consolidam-se hoje como uma regi\u00e3o de paz, estabilidade e autodetermina\u00e7\u00e3o dos povos. No entanto, observamos com aten\u00e7\u00e3o e preocupa\u00e7\u00e3o as tentativas de desestabiliza\u00e7\u00e3o que buscam fragilizar a soberania conquistada a partir de hist\u00f3ricas lutas populares e enfraquecer os la\u00e7os de solidariedade entre nossas na\u00e7\u00f5es.<\/p>\n<p>Diante desse contexto, reafirmamos que \u00e9 dever das na\u00e7\u00f5es irm\u00e3s fortalecer a unidade regional, guiadas pelos princ\u00edpios do direito internacional, do respeito \u00e0 autodetermina\u00e7\u00e3o dos povos e da n\u00e3o inger\u00eancia. Somente com integra\u00e7\u00e3o, coopera\u00e7\u00e3o e a\u00e7\u00e3o coletiva ser\u00e1 poss\u00edvel enfrentar amea\u00e7as comuns e avan\u00e7ar na constru\u00e7\u00e3o de um projeto de desenvolvimento soberano, justo e compartilhado.<\/p>\n<p>Com esse compromisso pol\u00edtico e estrat\u00e9gico, realizou-se o I Congresso Latino-Americano, do Caribe e Mundial da Classe Trabalhadora em Defesa da Paz, como express\u00e3o concreta da vontade dos povos de defender a paz, a soberania e a democracia na regi\u00e3o.<\/p>\n<p>O Congresso constituiu-se em um espa\u00e7o de articula\u00e7\u00e3o pol\u00edtica fundamental para levantar e unificar as vozes da classe trabalhadora em uma mensagem clara de unidade e resist\u00eancia pac\u00edfica; impulsionar a\u00e7\u00f5es solid\u00e1rias em defesa dos recursos naturais, da democracia e do desenvolvimento com justi\u00e7a social; e aprofundar o debate sobre estrat\u00e9gias regionais que assegurem o direito inalien\u00e1vel dos povos \u00e0 paz e \u00e0 soberania.<\/p>\n<p>Com a diplomacia dos povos e a integra\u00e7\u00e3o regional, reafirmamos nosso compromisso com a defesa da paz e da soberania da Am\u00e9rica Latina e do Caribe.<\/p>\n<p><strong>La Federaci\u00f3n Latinoamericana de la Construcci\u00f3n y la Madera de Am\u00e9rica Latina y el Caribe entrega la declaraci\u00f3n siguiente al Primer Congreso Latinoamericano, Caribe\u00f1o y Mundial de la clase obrera en defensa de la paz.<\/strong><\/p>\n<p>Con gran satisfacci\u00f3n y profundo esp\u00edritu revolucionario, la Federaci\u00f3n Latinoamericana y Caribe\u00f1a de los Trabajadores y Trabajadoras de la Construcci\u00f3n, Madera y Materiales de Construcci\u00f3n (FLEMACON) saluda a todas y todos los participantes de este I Congreso Latinoamericano Caribe\u00f1o y Mundial de la Clase Obrera en Defensa de la Paz, que se desarrolla el d\u00eda 17 de diciembre, en la Rep\u00fablica Bolivariana de Venezuela.<\/p>\n<p>Este Congreso es una expresi\u00f3n viva de la firmeza, la conciencia y la resistencia en la lucha de los pueblos que no se arrodillan ante el imperialismo y que defienden con valent\u00eda la soberan\u00eda y la autodeterminaci\u00f3n de las naciones.<\/p>\n<p>La FLEMACON se suma sin vacilaciones a esta lucha y a esta trinchera de combate pol\u00edtico. Ratificamos nuestro apoyo irrestricto y solidario a los hermanos y hermanas bolivarianos, as\u00ed como a todos los pueblos en lucha que enfrentan el saqueo, las sanciones criminales, los golpes de Estado y las guerras impuestas por el imperialismo.<\/p>\n<p>Estamos juntos y juntas, compa\u00f1eros y compa\u00f1eras, en las calles, en las organizaciones y en la lucha internacionalista.<\/p>\n<p>La integraci\u00f3n de nuestros pueblos es fundamental. La solidaridad es nuestra principal arma. La resistencia es nuestro camino.<\/p>\n<p>\u00a1Viva el I Congreso Latinoamericano Caribe\u00f1o y Mundial de la Clase Obrera en Defensa de la Paz!<\/p>\n<p>\u00a1Por la paz y la unidad de la clase obrera mundial, mil veces venceremos!<\/p>\n<p>JOS\u00c9 AGUST\u00cdN DOS SANTOS<br \/>\nSecretario General de la FLEMACON<\/p>\n<p>&nbsp;<\/p>\n<p><strong>Adilson Ara\u00fajo, presidente nacional da Central dos Trabalhadores e Trabalhadoras do Brasil (CTB), tamb\u00e9m esteve presente no Congresso e falou com preocupa\u00e7\u00e3o e firmeza sobre os ataques do presidente dos EEUU, Donald Trump, \u00e0 soberania dos pa\u00edses:<\/strong><\/p>\n<p>&#8220;Todos estamos extremamente estarrecidos. \u00c9 muito preocupante a mensagem de Donald Trump de cerco ao continente latino-americano. N\u00e3o \u00e9 exclusivamente um cerco \u00e0 Venezuela. Se Donald Trump se acha no direito de impor medidas restritivas, se avoca ao ponto de dizer que o petr\u00f3leo da Venezuela \u00e9 do povo americano, \u00e9 dos Estados Unidos da Am\u00e9rica, podemos correr um s\u00e9rio risco. Daqui a pouco, Donald Trump tamb\u00e9m dizer para o Brasil que a Amaz\u00f4nia \u00e9 do povo americano e, consequentemente, dos Estados Unidos da Am\u00e9rica. \u00c9 uma amea\u00e7a, n\u00e3o \u00e9 uma amea\u00e7a velada, \u00e9 uma imposi\u00e7\u00e3o belicista. N\u00f3s m, representantes do sindicalismo brasileiro, n\u00f3s, a Central dos Trabalhadores e Trabalhadoras do Brasil, estamos aqui a nos irmanar, a somar for\u00e7a com o povo venezuelano, com a classe de trabalhadores de todo o mundo, para que a gente possa dizer que liberdade e autodetermina\u00e7\u00e3o n\u00e3o tem pre\u00e7o, n\u00e3o se vende, n\u00e3o se denuncia.<\/p>\n<p>Portanto, n\u00f3s estamos aqui a reafirmar que a luta \u00e9 contra a guerra e pela paz. Sigamos juntos na luta de resist\u00eancia&#8221;.<\/p>\n<p>&nbsp;<\/p>\n<div style=\"width: 576px;\" class=\"wp-video\"><video class=\"wp-video-shortcode\" id=\"video-11838-2\" width=\"576\" height=\"1024\" preload=\"metadata\" controls=\"controls\"><source type=\"video\/mp4\" src=\"https:\/\/www.flemacon.org\/wp-content\/uploads\/2025\/12\/VID-20251217-WA0210.mp4?_=2\" \/><a href=\"https:\/\/www.flemacon.org\/wp-content\/uploads\/2025\/12\/VID-20251217-WA0210.mp4\">https:\/\/www.flemacon.org\/wp-content\/uploads\/2025\/12\/VID-20251217-WA0210.mp4<\/a><\/video><\/div>\n<p>&nbsp;<\/p>\n<p><img loading=\"lazy\" decoding=\"async\" class=\"alignnone wp-image-11844 size-full\" src=\"https:\/\/www.flemacon.org\/wp-content\/uploads\/2025\/12\/Screenshot_20251218_001826.jpg\" alt=\"\" width=\"1080\" height=\"818\" srcset=\"https:\/\/www.flemacon.org\/wp-content\/uploads\/2025\/12\/Screenshot_20251218_001826.jpg 1080w, https:\/\/www.flemacon.org\/wp-content\/uploads\/2025\/12\/Screenshot_20251218_001826-300x227.jpg 300w, https:\/\/www.flemacon.org\/wp-content\/uploads\/2025\/12\/Screenshot_20251218_001826-1024x776.jpg 1024w, https:\/\/www.flemacon.org\/wp-content\/uploads\/2025\/12\/Screenshot_20251218_001826-768x582.jpg 768w, https:\/\/www.flemacon.org\/wp-content\/uploads\/2025\/12\/Screenshot_20251218_001826-150x114.jpg 150w, https:\/\/www.flemacon.org\/wp-content\/uploads\/2025\/12\/Screenshot_20251218_001826-600x454.jpg 600w, https:\/\/www.flemacon.org\/wp-content\/uploads\/2025\/12\/Screenshot_20251218_001826-696x527.jpg 696w, https:\/\/www.flemacon.org\/wp-content\/uploads\/2025\/12\/Screenshot_20251218_001826-1068x809.jpg 1068w, https:\/\/www.flemacon.org\/wp-content\/uploads\/2025\/12\/Screenshot_20251218_001826-555x420.jpg 555w, https:\/\/www.flemacon.org\/wp-content\/uploads\/2025\/12\/Screenshot_20251218_001826-80x60.jpg 80w, https:\/\/www.flemacon.org\/wp-content\/uploads\/2025\/12\/Screenshot_20251218_001826-160x120.jpg 160w\" sizes=\"auto, (max-width: 1080px) 100vw, 1080px\" \/><\/p>\n<p><img loading=\"lazy\" decoding=\"async\" class=\"alignnone wp-image-11845 size-full\" src=\"https:\/\/www.flemacon.org\/wp-content\/uploads\/2025\/12\/IMG-20251216-WA0127.jpg\" alt=\"\" width=\"918\" height=\"1080\" srcset=\"https:\/\/www.flemacon.org\/wp-content\/uploads\/2025\/12\/IMG-20251216-WA0127.jpg 918w, https:\/\/www.flemacon.org\/wp-content\/uploads\/2025\/12\/IMG-20251216-WA0127-255x300.jpg 255w, https:\/\/www.flemacon.org\/wp-content\/uploads\/2025\/12\/IMG-20251216-WA0127-870x1024.jpg 870w, https:\/\/www.flemacon.org\/wp-content\/uploads\/2025\/12\/IMG-20251216-WA0127-768x904.jpg 768w, https:\/\/www.flemacon.org\/wp-content\/uploads\/2025\/12\/IMG-20251216-WA0127-150x176.jpg 150w, https:\/\/www.flemacon.org\/wp-content\/uploads\/2025\/12\/IMG-20251216-WA0127-300x353.jpg 300w, https:\/\/www.flemacon.org\/wp-content\/uploads\/2025\/12\/IMG-20251216-WA0127-600x706.jpg 600w, https:\/\/www.flemacon.org\/wp-content\/uploads\/2025\/12\/IMG-20251216-WA0127-696x819.jpg 696w, https:\/\/www.flemacon.org\/wp-content\/uploads\/2025\/12\/IMG-20251216-WA0127-357x420.jpg 357w, https:\/\/www.flemacon.org\/wp-content\/uploads\/2025\/12\/IMG-20251216-WA0127-714x840.jpg 714w\" sizes=\"auto, (max-width: 918px) 100vw, 918px\" \/><\/p>\n<p><img loading=\"lazy\" decoding=\"async\" class=\"alignnone wp-image-11846 size-full\" src=\"https:\/\/www.flemacon.org\/wp-content\/uploads\/2025\/12\/IMG-20251216-WA0085.jpg\" alt=\"\" width=\"719\" height=\"1280\" srcset=\"https:\/\/www.flemacon.org\/wp-content\/uploads\/2025\/12\/IMG-20251216-WA0085.jpg 719w, https:\/\/www.flemacon.org\/wp-content\/uploads\/2025\/12\/IMG-20251216-WA0085-169x300.jpg 169w, https:\/\/www.flemacon.org\/wp-content\/uploads\/2025\/12\/IMG-20251216-WA0085-575x1024.jpg 575w, https:\/\/www.flemacon.org\/wp-content\/uploads\/2025\/12\/IMG-20251216-WA0085-150x267.jpg 150w, https:\/\/www.flemacon.org\/wp-content\/uploads\/2025\/12\/IMG-20251216-WA0085-300x534.jpg 300w, https:\/\/www.flemacon.org\/wp-content\/uploads\/2025\/12\/IMG-20251216-WA0085-600x1068.jpg 600w, https:\/\/www.flemacon.org\/wp-content\/uploads\/2025\/12\/IMG-20251216-WA0085-696x1239.jpg 696w, https:\/\/www.flemacon.org\/wp-content\/uploads\/2025\/12\/IMG-20251216-WA0085-236x420.jpg 236w, https:\/\/www.flemacon.org\/wp-content\/uploads\/2025\/12\/IMG-20251216-WA0085-472x840.jpg 472w\" sizes=\"auto, (max-width: 719px) 100vw, 719px\" \/><\/p>\n<p><img loading=\"lazy\" decoding=\"async\" class=\"alignnone wp-image-11847 size-full\" src=\"https:\/\/www.flemacon.org\/wp-content\/uploads\/2025\/12\/IMG-20251215-WA00021.jpg\" alt=\"\" width=\"810\" height=\"1080\" srcset=\"https:\/\/www.flemacon.org\/wp-content\/uploads\/2025\/12\/IMG-20251215-WA00021.jpg 810w, https:\/\/www.flemacon.org\/wp-content\/uploads\/2025\/12\/IMG-20251215-WA00021-225x300.jpg 225w, https:\/\/www.flemacon.org\/wp-content\/uploads\/2025\/12\/IMG-20251215-WA00021-768x1024.jpg 768w, https:\/\/www.flemacon.org\/wp-content\/uploads\/2025\/12\/IMG-20251215-WA00021-150x200.jpg 150w, https:\/\/www.flemacon.org\/wp-content\/uploads\/2025\/12\/IMG-20251215-WA00021-300x400.jpg 300w, https:\/\/www.flemacon.org\/wp-content\/uploads\/2025\/12\/IMG-20251215-WA00021-600x800.jpg 600w, https:\/\/www.flemacon.org\/wp-content\/uploads\/2025\/12\/IMG-20251215-WA00021-696x928.jpg 696w, https:\/\/www.flemacon.org\/wp-content\/uploads\/2025\/12\/IMG-20251215-WA00021-315x420.jpg 315w, https:\/\/www.flemacon.org\/wp-content\/uploads\/2025\/12\/IMG-20251215-WA00021-630x840.jpg 630w\" sizes=\"auto, (max-width: 810px) 100vw, 810px\" \/><\/p>\n<p><img loading=\"lazy\" decoding=\"async\" class=\"alignnone wp-image-11848 size-full\" src=\"https:\/\/www.flemacon.org\/wp-content\/uploads\/2025\/12\/IMG-20251215-WA00001.jpg\" alt=\"\" width=\"1080\" height=\"810\" srcset=\"https:\/\/www.flemacon.org\/wp-content\/uploads\/2025\/12\/IMG-20251215-WA00001.jpg 1080w, https:\/\/www.flemacon.org\/wp-content\/uploads\/2025\/12\/IMG-20251215-WA00001-300x225.jpg 300w, https:\/\/www.flemacon.org\/wp-content\/uploads\/2025\/12\/IMG-20251215-WA00001-1024x768.jpg 1024w, https:\/\/www.flemacon.org\/wp-content\/uploads\/2025\/12\/IMG-20251215-WA00001-768x576.jpg 768w, https:\/\/www.flemacon.org\/wp-content\/uploads\/2025\/12\/IMG-20251215-WA00001-150x113.jpg 150w, https:\/\/www.flemacon.org\/wp-content\/uploads\/2025\/12\/IMG-20251215-WA00001-600x450.jpg 600w, https:\/\/www.flemacon.org\/wp-content\/uploads\/2025\/12\/IMG-20251215-WA00001-696x522.jpg 696w, https:\/\/www.flemacon.org\/wp-content\/uploads\/2025\/12\/IMG-20251215-WA00001-1068x801.jpg 1068w, https:\/\/www.flemacon.org\/wp-content\/uploads\/2025\/12\/IMG-20251215-WA00001-560x420.jpg 560w, https:\/\/www.flemacon.org\/wp-content\/uploads\/2025\/12\/IMG-20251215-WA00001-80x60.jpg 80w, https:\/\/www.flemacon.org\/wp-content\/uploads\/2025\/12\/IMG-20251215-WA00001-160x120.jpg 160w, https:\/\/www.flemacon.org\/wp-content\/uploads\/2025\/12\/IMG-20251215-WA00001-265x198.jpg 265w\" sizes=\"auto, (max-width: 1080px) 100vw, 1080px\" \/><\/p>\n<p><img loading=\"lazy\" decoding=\"async\" class=\"alignnone wp-image-11849 size-full\" src=\"https:\/\/www.flemacon.org\/wp-content\/uploads\/2025\/12\/IMG-20251215-WA00011.jpg\" alt=\"\" width=\"1080\" height=\"810\" srcset=\"https:\/\/www.flemacon.org\/wp-content\/uploads\/2025\/12\/IMG-20251215-WA00011.jpg 1080w, https:\/\/www.flemacon.org\/wp-content\/uploads\/2025\/12\/IMG-20251215-WA00011-300x225.jpg 300w, https:\/\/www.flemacon.org\/wp-content\/uploads\/2025\/12\/IMG-20251215-WA00011-1024x768.jpg 1024w, https:\/\/www.flemacon.org\/wp-content\/uploads\/2025\/12\/IMG-20251215-WA00011-768x576.jpg 768w, https:\/\/www.flemacon.org\/wp-content\/uploads\/2025\/12\/IMG-20251215-WA00011-150x113.jpg 150w, https:\/\/www.flemacon.org\/wp-content\/uploads\/2025\/12\/IMG-20251215-WA00011-600x450.jpg 600w, https:\/\/www.flemacon.org\/wp-content\/uploads\/2025\/12\/IMG-20251215-WA00011-696x522.jpg 696w, https:\/\/www.flemacon.org\/wp-content\/uploads\/2025\/12\/IMG-20251215-WA00011-1068x801.jpg 1068w, https:\/\/www.flemacon.org\/wp-content\/uploads\/2025\/12\/IMG-20251215-WA00011-560x420.jpg 560w, https:\/\/www.flemacon.org\/wp-content\/uploads\/2025\/12\/IMG-20251215-WA00011-80x60.jpg 80w, https:\/\/www.flemacon.org\/wp-content\/uploads\/2025\/12\/IMG-20251215-WA00011-160x120.jpg 160w, https:\/\/www.flemacon.org\/wp-content\/uploads\/2025\/12\/IMG-20251215-WA00011-265x198.jpg 265w\" sizes=\"auto, (max-width: 1080px) 100vw, 1080px\" \/><\/p>\n<p><img loading=\"lazy\" decoding=\"async\" class=\"alignnone wp-image-11852 size-full\" src=\"https:\/\/www.flemacon.org\/wp-content\/uploads\/2025\/12\/congreso-clase-obrera-17-diciembre-2.jpeg\" alt=\"\" width=\"1080\" height=\"1440\" srcset=\"https:\/\/www.flemacon.org\/wp-content\/uploads\/2025\/12\/congreso-clase-obrera-17-diciembre-2.jpeg 1080w, https:\/\/www.flemacon.org\/wp-content\/uploads\/2025\/12\/congreso-clase-obrera-17-diciembre-2-225x300.jpeg 225w, https:\/\/www.flemacon.org\/wp-content\/uploads\/2025\/12\/congreso-clase-obrera-17-diciembre-2-768x1024.jpeg 768w, https:\/\/www.flemacon.org\/wp-content\/uploads\/2025\/12\/congreso-clase-obrera-17-diciembre-2-150x200.jpeg 150w, https:\/\/www.flemacon.org\/wp-content\/uploads\/2025\/12\/congreso-clase-obrera-17-diciembre-2-300x400.jpeg 300w, https:\/\/www.flemacon.org\/wp-content\/uploads\/2025\/12\/congreso-clase-obrera-17-diciembre-2-600x800.jpeg 600w, https:\/\/www.flemacon.org\/wp-content\/uploads\/2025\/12\/congreso-clase-obrera-17-diciembre-2-696x928.jpeg 696w, https:\/\/www.flemacon.org\/wp-content\/uploads\/2025\/12\/congreso-clase-obrera-17-diciembre-2-1068x1424.jpeg 1068w, https:\/\/www.flemacon.org\/wp-content\/uploads\/2025\/12\/congreso-clase-obrera-17-diciembre-2-315x420.jpeg 315w, https:\/\/www.flemacon.org\/wp-content\/uploads\/2025\/12\/congreso-clase-obrera-17-diciembre-2-630x840.jpeg 630w\" sizes=\"auto, (max-width: 1080px) 100vw, 1080px\" \/><\/p>\n","protected":false},"excerpt":{"rendered":"<p>&nbsp; O I Congresso Latino-Americano, do Caribe e Mundial da Classe Trabalhadora em Defesa da Paz reuniu, em 17 de dezembro de 2025, na cidade de Caracas, na Rep\u00fablica Bolivariana da Venezuela, lideran\u00e7as do movimento sindical da Am\u00e9rica Latina, do Caribe e de diversas regi\u00f5es do mundo. O Secret\u00e1rio Geral da FLEMACON, Jos\u00e9 Agust\u00edn dos [&hellip;]<\/p>\n","protected":false},"author":2,"featured_media":11851,"comment_status":"closed","ping_status":"open","sticky":false,"template":"","format":"standard","meta":{"_coblocks_attr":"","_coblocks_dimensions":"","_coblocks_responsive_height":"","_coblocks_accordion_ie_support":"","footnotes":""},"categories":[28,29,31],"tags":[],"class_list":{"0":"post-11838","1":"post","2":"type-post","3":"status-publish","4":"format-standard","5":"has-post-thumbnail","7":"category-america-latina","8":"category-mundo","9":"category-noticias-eventos"},"translation":{"provider":"WPGlobus","version":"3.0.2","language":"pt","enabled_languages":["es","pt"],"languages":{"es":{"title":true,"content":true,"excerpt":false},"pt":{"title":true,"content":true,"excerpt":false}}},"_links":{"self":[{"href":"https:\/\/www.flemacon.org\/pt\/wp-json\/wp\/v2\/posts\/11838","targetHints":{"allow":["GET"]}}],"collection":[{"href":"https:\/\/www.flemacon.org\/pt\/wp-json\/wp\/v2\/posts"}],"about":[{"href":"https:\/\/www.flemacon.org\/pt\/wp-json\/wp\/v2\/types\/post"}],"author":[{"embeddable":true,"href":"https:\/\/www.flemacon.org\/pt\/wp-json\/wp\/v2\/users\/2"}],"replies":[{"embeddable":true,"href":"https:\/\/www.flemacon.org\/pt\/wp-json\/wp\/v2\/comments?post=11838"}],"version-history":[{"count":10,"href":"https:\/\/www.flemacon.org\/pt\/wp-json\/wp\/v2\/posts\/11838\/revisions"}],"predecessor-version":[{"id":11871,"href":"https:\/\/www.flemacon.org\/pt\/wp-json\/wp\/v2\/posts\/11838\/revisions\/11871"}],"wp:featuredmedia":[{"embeddable":true,"href":"https:\/\/www.flemacon.org\/pt\/wp-json\/wp\/v2\/media\/11851"}],"wp:attachment":[{"href":"https:\/\/www.flemacon.org\/pt\/wp-json\/wp\/v2\/media?parent=11838"}],"wp:term":[{"taxonomy":"category","embeddable":true,"href":"https:\/\/www.flemacon.org\/pt\/wp-json\/wp\/v2\/categories?post=11838"},{"taxonomy":"post_tag","embeddable":true,"href":"https:\/\/www.flemacon.org\/pt\/wp-json\/wp\/v2\/tags?post=11838"}],"curies":[{"name":"wp","href":"https:\/\/api.w.org\/{rel}","templated":true}]}}