{"id":11872,"date":"2025-12-18T11:20:03","date_gmt":"2025-12-18T11:20:03","guid":{"rendered":"https:\/\/www.flemacon.org\/?p=11872"},"modified":"2025-12-18T21:40:11","modified_gmt":"2025-12-18T21:40:11","slug":"18-de-diciembre-dia-internacional-del-migrante-2025-flemacon-se-une-a-la-uitbb-en-la-lucha-por-los-derechos-de-los-migrantes","status":"publish","type":"post","link":"https:\/\/www.flemacon.org\/pt\/2025\/12\/18-de-diciembre-dia-internacional-del-migrante-2025-flemacon-se-une-a-la-uitbb-en-la-lucha-por-los-derechos-de-los-migrantes\/","title":{"rendered":"18 de diciembre \u2013 D\u00eda Internacional del Migrante 2025: FLEMACON une-se \u00e0 UITBB em defesa dos direitos dos migrantes"},"content":{"rendered":"<p><strong>Leia a declara\u00e7\u00e3o da UITBB<\/strong><\/p>\n<p><a href=\"https:\/\/uitbb.org\/es\/uitbb-message-for-international-migrants-day\/\" target=\"_blank\" rel=\"noopener\">https:\/\/uitbb.org\/es\/uitbb-message-for-international-migrants-day\/<\/a><\/p>\n<p><strong>Declara\u00e7\u00e3o da FLEMACON<\/strong><\/p>\n<p><strong>Migrar n\u00e3o \u00e9 crime, \u00e9 um direito humano; explorar e excluir \u00e9 o verdadeiro crime<\/strong><\/p>\n<p>Neste 18 de diciembre, ao encerrarmos mais um ano atravessado pela pobreza, pelos conflitos armados, pela destrui\u00e7\u00e3o ambiental e pelo sofrimento humano, voltamos nossa aten\u00e7\u00e3o ao Dia Internacional do Migrante.<\/p>\n<p>A Federa\u00e7\u00e3o Latino-Americana e Caribenha dos Trabalhadores da Constru\u00e7\u00e3o, Madeira e Materiais de Constru\u00e7\u00e3o (FLEMACON) une-se \u00e0 UITBB e reafirma um princ\u00edpio fundamental: ningu\u00e9m abandona seu lar por vontade pr\u00f3pria.<\/p>\n<p>A migra\u00e7\u00e3o \u00e9 for\u00e7ada, como consequ\u00eancia direta das pol\u00edticas capitalistas, das imposi\u00e7\u00f5es neoliberais e das guerras promovidas por pot\u00eancias globais. Nenhum ser humano deseja colocar sua vida e de sua fam\u00edlia em risco, fazendo travessias mar\u00edtimas perigosas ou em longos percursos terrestres, por desertos arriscados. Isso acontece quando a pessoa n\u00e3o tem outra op\u00e7\u00e3o para ter uma vida decente e em paz com sua fam\u00edlia e migrar \u00e9 a \u00fanica e \u00faltima alternativa para continuar vivendo.<\/p>\n<p>Ao chegarem aos pa\u00edses de destino, in\u00fameros migrantes enfrentam novas formas de viol\u00eancia e exclus\u00e3o: s\u00e3o explorados por empregadores inescrupulosos, os governos s\u00e3o indiferentes, a legisla\u00e7\u00e3o os exclui de direitos trabalhistas b\u00e1sicos e de prote\u00e7\u00e3o social, alimentando o racismo, a xenofobia e o fortalecimento da extrema direita. Al\u00e9m disso, os trabalhadores migrantes encontram dificuldades para se organizar em sindicatos.<\/p>\n<p>A FLEMACON une-se \u00e0 UITBB e convoca os Sindicatos filiados a acolherem os migrantes, ajudando-os a se integrar \u00e0s comunidades e a participar da luta comum por direitos e dignidade no trabalho.<\/p>\n<p>A FLEMACON expressa total solidariedade a todas as pessoas que sa\u00edram de seu pa\u00eds para buscar a sobreviv\u00eancia em outras terras. Nossa solidariedade aos trabalhadores e trabalhadoras da constru\u00e7\u00e3o civil migrantes.<\/p>\n<p>A FLEMACON reafirma que esta \u00e9 uma luta de classe e s\u00f3 pode ser enfrentada com uma resposta coletiva da classe trabalhadora, que \u00e9 uma s\u00f3, independentemente da cor da pele, religi\u00e3o ou pa\u00eds de origem.<\/p>\n<p>Neste 18 de dezembro, Dia Internacional do Migrante, convocamos os Sindicatos filiados e a todos os trabalhadores e trabalhadoras da constru\u00e7\u00e3o civil na regi\u00e3o da Am\u00e9rica Latina e Caribe a buscar a unidade para fortalecer as lutas por direitos, dignidade, inclus\u00e3o e a solidariedade<\/p>\n<p>&nbsp;<\/p>\n","protected":false},"excerpt":{"rendered":"<p>Leia a declara\u00e7\u00e3o da UITBB https:\/\/uitbb.org\/es\/uitbb-message-for-international-migrants-day\/ Declara\u00e7\u00e3o da FLEMACON Migrar n\u00e3o \u00e9 crime, \u00e9 um direito humano; explorar e excluir \u00e9 o verdadeiro crime Neste 18 de diciembre, ao encerrarmos mais um ano atravessado pela pobreza, pelos conflitos armados, pela destrui\u00e7\u00e3o ambiental e pelo sofrimento humano, voltamos nossa aten\u00e7\u00e3o ao Dia Internacional do Migrante. A [&hellip;]<\/p>\n","protected":false},"author":2,"featured_media":11874,"comment_status":"closed","ping_status":"open","sticky":false,"template":"","format":"standard","meta":{"_coblocks_attr":"","_coblocks_dimensions":"","_coblocks_responsive_height":"","_coblocks_accordion_ie_support":"","footnotes":""},"categories":[29,35,31],"tags":[146,147,45,41],"class_list":{"0":"post-11872","1":"post","2":"type-post","3":"status-publish","4":"format-standard","5":"has-post-thumbnail","7":"category-mundo","8":"category-notas","9":"category-noticias-eventos","10":"tag-18-de-diciembre","11":"tag-dia-internacional-de-los-migrantes","12":"tag-flemacon","13":"tag-uitbb"},"translation":{"provider":"WPGlobus","version":"3.0.2","language":"pt","enabled_languages":["es","pt"],"languages":{"es":{"title":true,"content":true,"excerpt":false},"pt":{"title":true,"content":true,"excerpt":false}}},"_links":{"self":[{"href":"https:\/\/www.flemacon.org\/pt\/wp-json\/wp\/v2\/posts\/11872","targetHints":{"allow":["GET"]}}],"collection":[{"href":"https:\/\/www.flemacon.org\/pt\/wp-json\/wp\/v2\/posts"}],"about":[{"href":"https:\/\/www.flemacon.org\/pt\/wp-json\/wp\/v2\/types\/post"}],"author":[{"embeddable":true,"href":"https:\/\/www.flemacon.org\/pt\/wp-json\/wp\/v2\/users\/2"}],"replies":[{"embeddable":true,"href":"https:\/\/www.flemacon.org\/pt\/wp-json\/wp\/v2\/comments?post=11872"}],"version-history":[{"count":4,"href":"https:\/\/www.flemacon.org\/pt\/wp-json\/wp\/v2\/posts\/11872\/revisions"}],"predecessor-version":[{"id":11879,"href":"https:\/\/www.flemacon.org\/pt\/wp-json\/wp\/v2\/posts\/11872\/revisions\/11879"}],"wp:featuredmedia":[{"embeddable":true,"href":"https:\/\/www.flemacon.org\/pt\/wp-json\/wp\/v2\/media\/11874"}],"wp:attachment":[{"href":"https:\/\/www.flemacon.org\/pt\/wp-json\/wp\/v2\/media?parent=11872"}],"wp:term":[{"taxonomy":"category","embeddable":true,"href":"https:\/\/www.flemacon.org\/pt\/wp-json\/wp\/v2\/categories?post=11872"},{"taxonomy":"post_tag","embeddable":true,"href":"https:\/\/www.flemacon.org\/pt\/wp-json\/wp\/v2\/tags?post=11872"}],"curies":[{"name":"wp","href":"https:\/\/api.w.org\/{rel}","templated":true}]}}