{"id":11880,"date":"2025-12-18T11:58:04","date_gmt":"2025-12-18T11:58:04","guid":{"rendered":"https:\/\/www.flemacon.org\/?p=11880"},"modified":"2026-01-07T22:47:47","modified_gmt":"2026-01-07T22:47:47","slug":"declaracion-de-la-flemacon-en-memoria-del-camarada-pedro-huilca-tetse-asesinado-hace-33-anos-por-el-regimen-dictatorial-de-alberto-fujimori-en-el-peru","status":"publish","type":"post","link":"https:\/\/www.flemacon.org\/pt\/2025\/12\/declaracion-de-la-flemacon-en-memoria-del-camarada-pedro-huilca-tetse-asesinado-hace-33-anos-por-el-regimen-dictatorial-de-alberto-fujimori-en-el-peru\/","title":{"rendered":"Declara\u00e7\u00e3o da FLEMACON em mem\u00f3ria do camarada Pedro Huilca Tetse, assassinado h\u00e1 33 anos pelo regime ditatorial de Alberto Fujimori no Peru"},"content":{"rendered":"<p><img loading=\"lazy\" decoding=\"async\" class=\"alignnone wp-image-11882 size-full\" src=\"https:\/\/www.flemacon.org\/wp-content\/uploads\/2025\/12\/061222-104548-7.webp\" alt=\"\" width=\"794\" height=\"516\" srcset=\"https:\/\/www.flemacon.org\/wp-content\/uploads\/2025\/12\/061222-104548-7.webp 794w, https:\/\/www.flemacon.org\/wp-content\/uploads\/2025\/12\/061222-104548-7-300x195.webp 300w, https:\/\/www.flemacon.org\/wp-content\/uploads\/2025\/12\/061222-104548-7-768x499.webp 768w, https:\/\/www.flemacon.org\/wp-content\/uploads\/2025\/12\/061222-104548-7-150x97.webp 150w, https:\/\/www.flemacon.org\/wp-content\/uploads\/2025\/12\/061222-104548-7-600x390.webp 600w, https:\/\/www.flemacon.org\/wp-content\/uploads\/2025\/12\/061222-104548-7-696x452.webp 696w, https:\/\/www.flemacon.org\/wp-content\/uploads\/2025\/12\/061222-104548-7-646x420.webp 646w\" sizes=\"auto, (max-width: 794px) 100vw, 794px\" \/><\/p>\n<p>Neste 18 de dezembro de 2025, a Federa\u00e7\u00e3o Latino-Americana e Caribenha dos Trabalhadores da Constru\u00e7\u00e3o, Madeira e Materiais de Constru\u00e7\u00e3o (FLEMACON) rende homenagem \u00e0 mem\u00f3ria do camarada *lPedro Huilca Tetse, dirigente hist\u00f3rico do movimento oper\u00e1rio peruano e latino-americano, covardemente assassinado h\u00e1 33 anos, em 18 de dezembro de 1992, pelo grupo paramilitar Grupo Colina, bra\u00e7o repressivo do Estado peruano a servi\u00e7o do ent\u00e3o presidente e ditador Alberto Fujimori.<\/p>\n<p>\u00c0 \u00e9poca de seu assassinato, Pedro Huilca exercia os cargos de Secret\u00e1rio-Geral da CGTP e da FTCCP, Presidente da FLEMACON e Vice-Presidente da UITBB, sendo uma das principais refer\u00eancias da luta sindical classista no Peru. Sua execu\u00e7\u00e3o pol\u00edtica foi parte de uma estrat\u00e9gia deliberada do regime fujimorista para impor, pela for\u00e7a, um projeto autorit\u00e1rio e neoliberal, sustentado pela repress\u00e3o, pela criminaliza\u00e7\u00e3o do movimento sindical e pelo apoio direto do imperialismo estadunidense.<\/p>\n<p>Pedro Huilca permanece como m\u00e1rtir da viol\u00eancia de Estado contra a classe trabalhadora e o movimento sindical do Peru e da Am\u00e9rica Latina. Seu assassinato simboliza a tentativa de silenciar aqueles que ousaram enfrentar a explora\u00e7\u00e3o capitalista, defender os direitos dos trabalhadores e organizar a resist\u00eancia popular contra um regime ditatorial subordinado aos interesses das grandes corpora\u00e7\u00f5es e do capital transnacional.<\/p>\n<p>A FLEMACON, enquanto organiza\u00e7\u00e3o internacional de trabalhadores e trabalhadoras da constru\u00e7\u00e3o, reafirma seu compromisso inabal\u00e1vel de dar continuidade ao legado pol\u00edtico e sindical de Pedro Huilca, fortalecendo a luta pela liberdade sindical, pela democracia real, pela justi\u00e7a social e pela constru\u00e7\u00e3o de uma sociedade livre de explora\u00e7\u00e3o, opress\u00e3o e viol\u00eancia contra os que vivem do seu trabalho.<\/p>\n<p>A trajet\u00f3ria de Pedro Huilca \u00e9 marcada pela coragem, pela coer\u00eancia e pela convic\u00e7\u00e3o de quem sabia estar do lado certo da hist\u00f3ria: o lado da classe trabalhadora, da luta organizada e da resist\u00eancia ao autoritarismo, \u00e0s pol\u00edticas neoliberais e \u00e0 submiss\u00e3o dos povos aos ditames do imperialismo.<\/p>\n<p>Neste momento em que o Peru segue sendo palco de persegui\u00e7\u00f5es, repress\u00f5es e assassinatos de lideran\u00e7as populares e sindicais, a FLEMACON reverencia a mem\u00f3ria de Pedro Huilca Tetse e conclama os trabalhadores e trabalhadoras da constru\u00e7\u00e3o e de todas as categorias do mundo do trabalho a manter viva essa chama de luta, fortalecendo a unidade de classe, a solidariedade internacionalista, a defesa dos direitos trabalhistas e da liberdade sindical.<\/p>\n<p>Pedro Huilca Tetse, presente na luta de ontem, de hoje e de sempre!<\/p>\n<p><strong>Lea Declaraci\u00f3n de la UITBB<\/strong><\/p>\n<p><a href=\"https:\/\/uitbb.org\/es\/uitbbs-statement-on-the-33rd-anniversary-of-the-assassination-of-comrade-pedro-huilca-tecse\/\" target=\"_blank\" rel=\"noopener\">https:\/\/uitbb.org\/es\/uitbbs-statement-on-the-33rd-anniversary-of-the-assassination-of-comrade-pedro-huilca-tecse\/<\/a><\/p>\n<p><img loading=\"lazy\" decoding=\"async\" class=\"alignnone wp-image-11883 size-full\" src=\"https:\/\/www.flemacon.org\/wp-content\/uploads\/2025\/12\/images-95.jpeg\" alt=\"\" width=\"453\" height=\"678\" srcset=\"https:\/\/www.flemacon.org\/wp-content\/uploads\/2025\/12\/images-95.jpeg 453w, https:\/\/www.flemacon.org\/wp-content\/uploads\/2025\/12\/images-95-200x300.jpeg 200w, https:\/\/www.flemacon.org\/wp-content\/uploads\/2025\/12\/images-95-150x225.jpeg 150w, https:\/\/www.flemacon.org\/wp-content\/uploads\/2025\/12\/images-95-300x449.jpeg 300w, https:\/\/www.flemacon.org\/wp-content\/uploads\/2025\/12\/images-95-281x420.jpeg 281w\" sizes=\"auto, (max-width: 453px) 100vw, 453px\" \/><\/p>\n","protected":false},"excerpt":{"rendered":"<p>FLEMACON honra a Pedro Huilca Tecse, m\u00e1rtir del sindicalismo clasista, asesinado por la dictadura fujimorista hace 33 a\u00f1os.<\/p>\n","protected":false},"author":2,"featured_media":11884,"comment_status":"closed","ping_status":"open","sticky":false,"template":"","format":"standard","meta":{"_coblocks_attr":"","_coblocks_dimensions":"","_coblocks_responsive_height":"","_coblocks_accordion_ie_support":"","footnotes":""},"categories":[91,25,31],"tags":[150,151,149,152,45,42,148,41],"class_list":{"0":"post-11880","1":"post","2":"type-post","3":"status-publish","4":"format-standard","5":"has-post-thumbnail","7":"category-pronunciamientos","8":"category-historia","9":"category-noticias-eventos","10":"tag-18-dezembro-1992","11":"tag-assassinado","12":"tag-cgtp","13":"tag-ditador-alberto-fujimori","14":"tag-flemacon","15":"tag-ftccp","16":"tag-pedro-huilca-tetse","17":"tag-uitbb"},"translation":{"provider":"WPGlobus","version":"3.0.2","language":"pt","enabled_languages":["es","pt"],"languages":{"es":{"title":true,"content":true,"excerpt":true},"pt":{"title":true,"content":true,"excerpt":false}}},"_links":{"self":[{"href":"https:\/\/www.flemacon.org\/pt\/wp-json\/wp\/v2\/posts\/11880","targetHints":{"allow":["GET"]}}],"collection":[{"href":"https:\/\/www.flemacon.org\/pt\/wp-json\/wp\/v2\/posts"}],"about":[{"href":"https:\/\/www.flemacon.org\/pt\/wp-json\/wp\/v2\/types\/post"}],"author":[{"embeddable":true,"href":"https:\/\/www.flemacon.org\/pt\/wp-json\/wp\/v2\/users\/2"}],"replies":[{"embeddable":true,"href":"https:\/\/www.flemacon.org\/pt\/wp-json\/wp\/v2\/comments?post=11880"}],"version-history":[{"count":9,"href":"https:\/\/www.flemacon.org\/pt\/wp-json\/wp\/v2\/posts\/11880\/revisions"}],"predecessor-version":[{"id":11957,"href":"https:\/\/www.flemacon.org\/pt\/wp-json\/wp\/v2\/posts\/11880\/revisions\/11957"}],"wp:featuredmedia":[{"embeddable":true,"href":"https:\/\/www.flemacon.org\/pt\/wp-json\/wp\/v2\/media\/11884"}],"wp:attachment":[{"href":"https:\/\/www.flemacon.org\/pt\/wp-json\/wp\/v2\/media?parent=11880"}],"wp:term":[{"taxonomy":"category","embeddable":true,"href":"https:\/\/www.flemacon.org\/pt\/wp-json\/wp\/v2\/categories?post=11880"},{"taxonomy":"post_tag","embeddable":true,"href":"https:\/\/www.flemacon.org\/pt\/wp-json\/wp\/v2\/tags?post=11880"}],"curies":[{"name":"wp","href":"https:\/\/api.w.org\/{rel}","templated":true}]}}