{"id":11892,"date":"2025-12-18T22:45:52","date_gmt":"2025-12-18T22:45:52","guid":{"rendered":"https:\/\/www.flemacon.org\/?p=11892"},"modified":"2025-12-19T01:48:13","modified_gmt":"2025-12-19T01:48:13","slug":"flemacon-saluda-los-67-anos-del-ftccp","status":"publish","type":"post","link":"https:\/\/www.flemacon.org\/pt\/2025\/12\/flemacon-saluda-los-67-anos-del-ftccp\/","title":{"rendered":"FLEMACON sa\u00fada os 67 anos do FTCCP!"},"content":{"rendered":"<p>Com grande orgulho e profunda satisfa\u00e7\u00e3o, a Federa\u00e7\u00e3o Latino-Americana e do Caribe de Trabalhadores da Constru\u00e7\u00e3o, Madeira e Materiais de Constru\u00e7\u00e3o (FLEMACON), em nome de seus sindicatos filiados, expressa sua sauda\u00e7\u00e3o fraterna e felicita a Federa\u00e7\u00e3o de Trabalhadores da Constru\u00e7\u00e3o Civil do Peru (FTCCP) pela comemora\u00e7\u00e3o de 67 anos de luta e conquistas neste 19 de dezembro.<\/p>\n<p>O FTCCP nasceu no ano de 1958, impulsionado por dirigentes sindicais da constru\u00e7\u00e3o civil que compreenderam a necessidade de contar com uma organiza\u00e7\u00e3o mais ampla e s\u00f3lida para enfrentar os problemas e defender os direitos da classe trabalhadora.<\/p>\n<p>Esta data merece ser celebrada, pois representa o resultado de importantes lutas vitoriosas dos trabalhadores e trabalhadoras da constru\u00e7\u00e3o, lideradas pelo FTCCP. Ao longo de sua hist\u00f3ria, a federa\u00e7\u00e3o construiu uma trajet\u00f3ria exemplar, caracterizada pela firmeza, pela for\u00e7a e pela resist\u00eancia, demonstrando grande capacidade de organiza\u00e7\u00e3o e mobiliza\u00e7\u00e3o na defesa dos direitos trabalhistas.<\/p>\n<p>Desde sua funda\u00e7\u00e3o, o FTCCP tem sido uma organiza\u00e7\u00e3o fundamental para os trabalhadores da constru\u00e7\u00e3o no Peru e na Am\u00e9rica Latina. Contar com o FTCCP em nossas fileiras, plenamente integrado \u00e0 luta da classe trabalhadora latino-americana e internacional, \u00e9 motivo de orgulho para todo o movimento sindical.<\/p>\n<p>Com muita alegria, a FLEMACON sa\u00fada a Diretoria do FTCCP e todos os trabalhadores da constru\u00e7\u00e3o nesta data t\u00e3o significativa para a hist\u00f3ria do movimento sindical.<\/p>\n<p>Sigamos fortalecendo nosso esp\u00edrito de luta de classes e compromisso militante, em defesa dos direitos trabalhistas, da justi\u00e7a social, da democracia e da soberania popular.<\/p>\n<p>\u00a1Viva os 67 anos do FTCCP!<\/p>\n","protected":false},"excerpt":{"rendered":"<p>Com grande orgulho e profunda satisfa\u00e7\u00e3o, a Federa\u00e7\u00e3o Latino-Americana e do Caribe de Trabalhadores da Constru\u00e7\u00e3o, Madeira e Materiais de Constru\u00e7\u00e3o (FLEMACON), em nome de seus sindicatos filiados, expressa sua sauda\u00e7\u00e3o fraterna e felicita a Federa\u00e7\u00e3o de Trabalhadores da Constru\u00e7\u00e3o Civil do Peru (FTCCP) pela comemora\u00e7\u00e3o de 67 anos de luta e conquistas neste 19 [&hellip;]<\/p>\n","protected":false},"author":2,"featured_media":11894,"comment_status":"closed","ping_status":"open","sticky":false,"template":"","format":"standard","meta":{"_coblocks_attr":"","_coblocks_dimensions":"","_coblocks_responsive_height":"","_coblocks_accordion_ie_support":"","footnotes":""},"categories":[28,31],"tags":[71,45,42],"class_list":{"0":"post-11892","1":"post","2":"type-post","3":"status-publish","4":"format-standard","5":"has-post-thumbnail","7":"category-america-latina","8":"category-noticias-eventos","9":"tag-67-aniversario","10":"tag-flemacon","11":"tag-ftccp"},"translation":{"provider":"WPGlobus","version":"3.0.2","language":"pt","enabled_languages":["es","pt"],"languages":{"es":{"title":true,"content":true,"excerpt":false},"pt":{"title":true,"content":true,"excerpt":false}}},"_links":{"self":[{"href":"https:\/\/www.flemacon.org\/pt\/wp-json\/wp\/v2\/posts\/11892","targetHints":{"allow":["GET"]}}],"collection":[{"href":"https:\/\/www.flemacon.org\/pt\/wp-json\/wp\/v2\/posts"}],"about":[{"href":"https:\/\/www.flemacon.org\/pt\/wp-json\/wp\/v2\/types\/post"}],"author":[{"embeddable":true,"href":"https:\/\/www.flemacon.org\/pt\/wp-json\/wp\/v2\/users\/2"}],"replies":[{"embeddable":true,"href":"https:\/\/www.flemacon.org\/pt\/wp-json\/wp\/v2\/comments?post=11892"}],"version-history":[{"count":3,"href":"https:\/\/www.flemacon.org\/pt\/wp-json\/wp\/v2\/posts\/11892\/revisions"}],"predecessor-version":[{"id":11896,"href":"https:\/\/www.flemacon.org\/pt\/wp-json\/wp\/v2\/posts\/11892\/revisions\/11896"}],"wp:featuredmedia":[{"embeddable":true,"href":"https:\/\/www.flemacon.org\/pt\/wp-json\/wp\/v2\/media\/11894"}],"wp:attachment":[{"href":"https:\/\/www.flemacon.org\/pt\/wp-json\/wp\/v2\/media?parent=11892"}],"wp:term":[{"taxonomy":"category","embeddable":true,"href":"https:\/\/www.flemacon.org\/pt\/wp-json\/wp\/v2\/categories?post=11892"},{"taxonomy":"post_tag","embeddable":true,"href":"https:\/\/www.flemacon.org\/pt\/wp-json\/wp\/v2\/tags?post=11892"}],"curies":[{"name":"wp","href":"https:\/\/api.w.org\/{rel}","templated":true}]}}