{"id":11898,"date":"2025-12-30T13:41:29","date_gmt":"2025-12-30T13:41:29","guid":{"rendered":"https:\/\/www.flemacon.org\/?p=11898"},"modified":"2025-12-30T18:49:45","modified_gmt":"2025-12-30T18:49:45","slug":"declaracion-de-la-flemacon-por-los-67-anos-de-la-revolucion-cubana","status":"publish","type":"post","link":"https:\/\/www.flemacon.org\/pt\/2025\/12\/declaracion-de-la-flemacon-por-los-67-anos-de-la-revolucion-cubana\/","title":{"rendered":"Declara\u00e7\u00e3o da FLEMACON nos 67 anos da Revolu\u00e7\u00e3o Cubana"},"content":{"rendered":"<p><strong>Declara\u00e7\u00e3o da FLEMACON nos 67 anos da Revolu\u00e7\u00e3o Cubana<\/strong><\/p>\n<p>A Federaci\u00f3n Latinoamericana y del Caribe de Trabajadores de la Construcci\u00f3n, la Madera y los Materiales de Construcci\u00f3n \u2013 FLEMACON dirige uma calorosa e fraterna sauda\u00e7\u00e3o ao povo, ao governo e \u00e0 classe trabalhadora de Cuba, em nome do SNTC e da CTC, neste 1\u00ba de janeiro de 2026, data hist\u00f3rica, em que a Revolu\u00e7\u00e3o Cubana celebra 67 anos de resist\u00eancia e luta em defesa da liberdade, dos direitos dos trabalhadores e do povo cubano, enfrentando o imperialismo.<\/p>\n<p>Nesta data t\u00e3o especial e simb\u00f3lico para os povos em luta, a FLEMACON reafirma o seu mais firme rep\u00fadio ao imperialismo dos Estados Unidos e exige o fim imediato do bloqueio comercial e econ\u00f4mico imposto a Cuba.<\/p>\n<p>Para manter viva a chama revolucion\u00e1ria e a mem\u00f3ria hist\u00f3rica, recordamos que o processo revolucion\u00e1rio teve in\u00edcio com o ataque ao Quartel Moncada, em Santiago de Cuba, em 26 de julho de 1953 e, em janeiro de 1959, o Movimento 26 de Julho triunfou sobre a ditadura de Fulg\u00eancio Batista.<\/p>\n<p>A condu\u00e7\u00e3o dessa luta coube \u00e0 lideran\u00e7a de figuras centrais, que escreveram seus nomes na hist\u00f3ria, defendendo sua independ\u00eancia e soberania e lutando para a constru\u00e7\u00e3o de uma sociedade justa, como o comandante Fidel Castro, Ra\u00fal Castro, Ernesto \u201cChe\u201d Guevara e Camilo Cienfuegos.<\/p>\n<p>Viva o 67\u00ba anivers\u00e1rio da Revolu\u00e7\u00e3o Cubana!<br \/>\nViva Cuba!<br \/>\nPelo fim do bloqueio!<\/p>\n<p>L\u00daCIA COSTA MAIA<br \/>\nPresidente da FLEMACON<\/p>\n<p>COMIT\u00ca EXECUTIVO FLEMACON<\/p>\n","protected":false},"excerpt":{"rendered":"<p>Declara\u00e7\u00e3o da FLEMACON nos 67 anos da Revolu\u00e7\u00e3o Cubana A Federaci\u00f3n Latinoamericana y del Caribe de Trabajadores de la Construcci\u00f3n, la Madera y los Materiales de Construcci\u00f3n \u2013 FLEMACON dirige uma calorosa e fraterna sauda\u00e7\u00e3o ao povo, ao governo e \u00e0 classe trabalhadora de Cuba, em nome do SNTC e da CTC, neste 1\u00ba de [&hellip;]<\/p>\n","protected":false},"author":2,"featured_media":11900,"comment_status":"closed","ping_status":"open","sticky":false,"template":"","format":"standard","meta":{"_coblocks_attr":"","_coblocks_dimensions":"","_coblocks_responsive_height":"","_coblocks_accordion_ie_support":"","footnotes":""},"categories":[28,29,31],"tags":[51,153,45,125],"class_list":{"0":"post-11898","1":"post","2":"type-post","3":"status-publish","4":"format-standard","5":"has-post-thumbnail","7":"category-america-latina","8":"category-mundo","9":"category-noticias-eventos","10":"tag-cuba","11":"tag-fidel","12":"tag-flemacon","13":"tag-revolucion"},"translation":{"provider":"WPGlobus","version":"3.0.2","language":"pt","enabled_languages":["es","pt"],"languages":{"es":{"title":true,"content":true,"excerpt":false},"pt":{"title":true,"content":true,"excerpt":false}}},"_links":{"self":[{"href":"https:\/\/www.flemacon.org\/pt\/wp-json\/wp\/v2\/posts\/11898","targetHints":{"allow":["GET"]}}],"collection":[{"href":"https:\/\/www.flemacon.org\/pt\/wp-json\/wp\/v2\/posts"}],"about":[{"href":"https:\/\/www.flemacon.org\/pt\/wp-json\/wp\/v2\/types\/post"}],"author":[{"embeddable":true,"href":"https:\/\/www.flemacon.org\/pt\/wp-json\/wp\/v2\/users\/2"}],"replies":[{"embeddable":true,"href":"https:\/\/www.flemacon.org\/pt\/wp-json\/wp\/v2\/comments?post=11898"}],"version-history":[{"count":3,"href":"https:\/\/www.flemacon.org\/pt\/wp-json\/wp\/v2\/posts\/11898\/revisions"}],"predecessor-version":[{"id":11903,"href":"https:\/\/www.flemacon.org\/pt\/wp-json\/wp\/v2\/posts\/11898\/revisions\/11903"}],"wp:featuredmedia":[{"embeddable":true,"href":"https:\/\/www.flemacon.org\/pt\/wp-json\/wp\/v2\/media\/11900"}],"wp:attachment":[{"href":"https:\/\/www.flemacon.org\/pt\/wp-json\/wp\/v2\/media?parent=11898"}],"wp:term":[{"taxonomy":"category","embeddable":true,"href":"https:\/\/www.flemacon.org\/pt\/wp-json\/wp\/v2\/categories?post=11898"},{"taxonomy":"post_tag","embeddable":true,"href":"https:\/\/www.flemacon.org\/pt\/wp-json\/wp\/v2\/tags?post=11898"}],"curies":[{"name":"wp","href":"https:\/\/api.w.org\/{rel}","templated":true}]}}