{"id":11904,"date":"2025-12-30T15:55:50","date_gmt":"2025-12-30T15:55:50","guid":{"rendered":"https:\/\/www.flemacon.org\/?p=11904"},"modified":"2025-12-30T19:03:23","modified_gmt":"2025-12-30T19:03:23","slug":"mensaje-de-la-uitbb-feliz-ano-nuevo","status":"publish","type":"post","link":"https:\/\/www.flemacon.org\/pt\/2025\/12\/mensaje-de-la-uitbb-feliz-ano-nuevo\/","title":{"rendered":"Mensagem da UITBB: Feliz Ano Novo"},"content":{"rendered":"<p><strong>Mensagem da UITBB: Feliz Ano Novo<\/strong><\/p>\n<p>A UITBB deseja a todas as suas organiza\u00e7\u00f5es membros, amigos e sindicalistas militantes em todo o mundo um feliz e militante 2026, cheio de lutas e vit\u00f3rias para a classe trabalhadora.<\/p>\n<p>Michales Papanicolaou<br \/>\nSecret\u00e1rio Geral<\/p>\n","protected":false},"excerpt":{"rendered":"<p>Mensagem da UITBB: Feliz Ano Novo A UITBB deseja a todas as suas organiza\u00e7\u00f5es membros, amigos e sindicalistas militantes em todo o mundo um feliz e militante 2026, cheio de lutas e vit\u00f3rias para a classe trabalhadora. Michales Papanicolaou Secret\u00e1rio Geral<\/p>\n","protected":false},"author":2,"featured_media":11906,"comment_status":"closed","ping_status":"open","sticky":false,"template":"","format":"standard","meta":{"_coblocks_attr":"","_coblocks_dimensions":"","_coblocks_responsive_height":"","_coblocks_accordion_ie_support":"","footnotes":""},"categories":[28,29,31],"tags":[154,45,41],"class_list":{"0":"post-11904","1":"post","2":"type-post","3":"status-publish","4":"format-standard","5":"has-post-thumbnail","7":"category-america-latina","8":"category-mundo","9":"category-noticias-eventos","10":"tag-154","11":"tag-flemacon","12":"tag-uitbb"},"translation":{"provider":"WPGlobus","version":"3.0.2","language":"pt","enabled_languages":["es","pt"],"languages":{"es":{"title":true,"content":true,"excerpt":false},"pt":{"title":true,"content":true,"excerpt":false}}},"_links":{"self":[{"href":"https:\/\/www.flemacon.org\/pt\/wp-json\/wp\/v2\/posts\/11904","targetHints":{"allow":["GET"]}}],"collection":[{"href":"https:\/\/www.flemacon.org\/pt\/wp-json\/wp\/v2\/posts"}],"about":[{"href":"https:\/\/www.flemacon.org\/pt\/wp-json\/wp\/v2\/types\/post"}],"author":[{"embeddable":true,"href":"https:\/\/www.flemacon.org\/pt\/wp-json\/wp\/v2\/users\/2"}],"replies":[{"embeddable":true,"href":"https:\/\/www.flemacon.org\/pt\/wp-json\/wp\/v2\/comments?post=11904"}],"version-history":[{"count":3,"href":"https:\/\/www.flemacon.org\/pt\/wp-json\/wp\/v2\/posts\/11904\/revisions"}],"predecessor-version":[{"id":11908,"href":"https:\/\/www.flemacon.org\/pt\/wp-json\/wp\/v2\/posts\/11904\/revisions\/11908"}],"wp:featuredmedia":[{"embeddable":true,"href":"https:\/\/www.flemacon.org\/pt\/wp-json\/wp\/v2\/media\/11906"}],"wp:attachment":[{"href":"https:\/\/www.flemacon.org\/pt\/wp-json\/wp\/v2\/media?parent=11904"}],"wp:term":[{"taxonomy":"category","embeddable":true,"href":"https:\/\/www.flemacon.org\/pt\/wp-json\/wp\/v2\/categories?post=11904"},{"taxonomy":"post_tag","embeddable":true,"href":"https:\/\/www.flemacon.org\/pt\/wp-json\/wp\/v2\/tags?post=11904"}],"curies":[{"name":"wp","href":"https:\/\/api.w.org\/{rel}","templated":true}]}}