{"id":11909,"date":"2026-01-03T09:56:12","date_gmt":"2026-01-03T09:56:12","guid":{"rendered":"https:\/\/www.flemacon.org\/?p=11909"},"modified":"2026-01-03T14:02:49","modified_gmt":"2026-01-03T14:02:49","slug":"declaracion-de-la-flemacon-en-repudio-al-ataque-de-los-eeuu-contra-venezuela","status":"publish","type":"post","link":"https:\/\/www.flemacon.org\/pt\/2026\/01\/declaracion-de-la-flemacon-en-repudio-al-ataque-de-los-eeuu-contra-venezuela\/","title":{"rendered":"Declara\u00e7\u00e3o da FLEMACON em rep\u00fadio ao ataque dos EEUU \u00e0 Venezuela"},"content":{"rendered":"<p><strong>Lea Declaraci\u00f3n de la FSM<\/strong><\/p>\n<p><a href=\"https:\/\/www.wftucentral.org\/declaracion-de-condena-de-la-fsm-ante-la-nueva-intervencion-imperialista-en-venezuela\/?lang=es\" target=\"_blank\" rel=\"noopener\">https:\/\/www.wftucentral.org\/declaracion-de-condena-de-la-fsm-ante-la-nueva-intervencion-imperialista-en-venezuela\/?lang=es<\/a><\/p>\n<p><strong>Declara\u00e7\u00e3o da FLEMACON em rep\u00fadio ao ataque dos EEUU \u00e0 Venezuela<\/strong><\/p>\n<p>A Federaci\u00f3n Latinoamericana y Caribe\u00f1a de Trabajadores de la Construcci\u00f3n, Madera y Materiales de la Construcci\u00f3n (FLEMACON) convoca todas as entidades do movimento sindical da Am\u00e9rica Latina e do Caribe \u00e0 unidade e \u00e0 mobiliza\u00e7\u00e3o em total rep\u00fadio ao ataque dos Estados Unidos contra a Venezuela e ao sequestro do Presidente Nicol\u00e1s Maduro e de sua esposa. Repudiamos de forma veemente esse ato do imperialismo promovido pelo governo de Donald Trump.<\/p>\n<p>Manifestamos nossa total solidariedade ao povo venezuelano diante dos ataques cometidos pelos Estados Unidos na madrugada de hoje. A viola\u00e7\u00e3o da soberania de um pa\u00eds latino-americano deve acender o mais alto alerta entre todos e todas que defendem a paz e a autodetermina\u00e7\u00e3o dos povos.<\/p>\n<p>Defender a paz na Venezuela \u00e9 defender a paz em toda a Am\u00e9rica Latina e Caribe, e a soberania dos pa\u00edses da regi\u00e3o.<\/p>\n<p>O ataque dos Estados Unidos \u00e0 Venezuela e o sequestro do Presidente Nicol\u00e1s Maduro t\u00eam como objetivo central a apropria\u00e7\u00e3o do petr\u00f3leo venezuelano, atentando contra o direito do povo de decidir soberanamente sobre suas riquezas naturais e seu destino.<\/p>\n<p>A FLEMACON reafirma seu compromisso com a paz, a soberania e a solidariedade internacional entre os povos.<\/p>\n<p>L\u00daCIA COSTA MAIA<br \/>\nPresidente de FLEMACON<\/p>\n<p>COMIT\u00c9 EJECUTIVO DE LA FLEMACON<\/p>\n<p><em>Foto: Reprodu\u00e7\u00e3o da Web<\/em><\/p>\n","protected":false},"excerpt":{"rendered":"<p>Lea Declaraci\u00f3n de la FSM https:\/\/www.wftucentral.org\/declaracion-de-condena-de-la-fsm-ante-la-nueva-intervencion-imperialista-en-venezuela\/?lang=es Declara\u00e7\u00e3o da FLEMACON em rep\u00fadio ao ataque dos EEUU \u00e0 Venezuela A Federaci\u00f3n Latinoamericana y Caribe\u00f1a de Trabajadores de la Construcci\u00f3n, Madera y Materiales de la Construcci\u00f3n (FLEMACON) convoca todas as entidades do movimento sindical da Am\u00e9rica Latina e do Caribe \u00e0 unidade e \u00e0 mobiliza\u00e7\u00e3o em total rep\u00fadio [&hellip;]<\/p>\n","protected":false},"author":2,"featured_media":11911,"comment_status":"closed","ping_status":"open","sticky":false,"template":"","format":"standard","meta":{"_coblocks_attr":"","_coblocks_dimensions":"","_coblocks_responsive_height":"","_coblocks_accordion_ie_support":"","footnotes":""},"categories":[28,29,31],"tags":[96,156,45,157,158,155],"class_list":{"0":"post-11909","1":"post","2":"type-post","3":"status-publish","4":"format-standard","5":"has-post-thumbnail","7":"category-america-latina","8":"category-mundo","9":"category-noticias-eventos","10":"tag-eeuu","11":"tag-estados-unidos","12":"tag-flemacon","13":"tag-imperialismo","14":"tag-trump","15":"tag-venezuela"},"translation":{"provider":"WPGlobus","version":"3.0.2","language":"pt","enabled_languages":["es","pt"],"languages":{"es":{"title":true,"content":true,"excerpt":false},"pt":{"title":true,"content":true,"excerpt":false}}},"_links":{"self":[{"href":"https:\/\/www.flemacon.org\/pt\/wp-json\/wp\/v2\/posts\/11909","targetHints":{"allow":["GET"]}}],"collection":[{"href":"https:\/\/www.flemacon.org\/pt\/wp-json\/wp\/v2\/posts"}],"about":[{"href":"https:\/\/www.flemacon.org\/pt\/wp-json\/wp\/v2\/types\/post"}],"author":[{"embeddable":true,"href":"https:\/\/www.flemacon.org\/pt\/wp-json\/wp\/v2\/users\/2"}],"replies":[{"embeddable":true,"href":"https:\/\/www.flemacon.org\/pt\/wp-json\/wp\/v2\/comments?post=11909"}],"version-history":[{"count":4,"href":"https:\/\/www.flemacon.org\/pt\/wp-json\/wp\/v2\/posts\/11909\/revisions"}],"predecessor-version":[{"id":11914,"href":"https:\/\/www.flemacon.org\/pt\/wp-json\/wp\/v2\/posts\/11909\/revisions\/11914"}],"wp:featuredmedia":[{"embeddable":true,"href":"https:\/\/www.flemacon.org\/pt\/wp-json\/wp\/v2\/media\/11911"}],"wp:attachment":[{"href":"https:\/\/www.flemacon.org\/pt\/wp-json\/wp\/v2\/media?parent=11909"}],"wp:term":[{"taxonomy":"category","embeddable":true,"href":"https:\/\/www.flemacon.org\/pt\/wp-json\/wp\/v2\/categories?post=11909"},{"taxonomy":"post_tag","embeddable":true,"href":"https:\/\/www.flemacon.org\/pt\/wp-json\/wp\/v2\/tags?post=11909"}],"curies":[{"name":"wp","href":"https:\/\/api.w.org\/{rel}","templated":true}]}}