{"id":12031,"date":"2026-02-24T20:31:12","date_gmt":"2026-02-24T20:31:12","guid":{"rendered":"https:\/\/www.flemacon.org\/?p=12031"},"modified":"2026-02-25T01:48:35","modified_gmt":"2026-02-25T01:48:35","slug":"flemacon-sauda-a-91a-assembleia-nacional-de-delegados-do-sutimac","status":"publish","type":"post","link":"https:\/\/www.flemacon.org\/pt\/2026\/02\/flemacon-sauda-a-91a-assembleia-nacional-de-delegados-do-sutimac\/","title":{"rendered":"FLEMACON sa\u00fada a 91\u00aa Assembleia Nacional de Delegados do SUTIMAC"},"content":{"rendered":"<p>\u00c9 com imensa satisfa\u00e7\u00e3o que a FLEMACON, em nome dos Sindicatos filiados, parabeniza a 91\u00aa Assembleia Nacional de Delegados da SUTIMAC, que ser\u00e1 realizada de 24 a 26 de fevereiro, em Santa B\u00e1rbara, Antioquia, Col\u00f4mbia.<\/p>\n<p>Transmitimos nossas mais cordiais sauda\u00e7\u00f5es ao presidente da entidade, Eddie Lenis Mart\u00ednez, e ao secret\u00e1rio-geral Jhon Jairo Quintero, em cujos nomes saudamos os diretores da SUTIMAC e os Delegados da 91\u00aa Assembleia Nacional da SUTIMAC.<\/p>\n<p>Temos certeza de que as discuss\u00f5es e decis\u00f5es tomadas na 91\u00aa Assembleia Nacional de Delegados da SUTIMAC ser\u00e3o um passo importante para defender os direitos dos trabalhadores da constru\u00e7\u00e3o civil na Col\u00f4mbia e avan\u00e7ar na luta pela integra\u00e7\u00e3o da Am\u00e9rica Latina, pela soberania dos povos e por uma sociedade com igualdade de direitos e justi\u00e7a social em todo o mundo.<\/p>\n<p>Nestes momentos em que o governo imperialista norte-americano, atrav\u00e9s do seu presidente, Donald Trump, promove ataques e amea\u00e7as \u00e0 soberania dos pa\u00edses latino-americanos e caribenhos, esta 91\u00aa Assembleia \u00e9 de grande import\u00e2ncia para mobilizar as nossas bases de resist\u00eancia e confronto na luta contra a extrema direita neofascista.<\/p>\n<p>Ter a SUTIMAC, representante dos trabalhadores da constru\u00e7\u00e3o civil colombianos em nossas fileiras, integrada na luta da classe trabalhadora latino-americana e internacional nos d\u00e1 orgulho.<\/p>\n<p>Desejamos sucesso ao evento e enviamos nossas mais calorosas sauda\u00e7\u00f5es militantes.<\/p>\n","protected":false},"excerpt":{"rendered":"<p>\u00c9 com imensa satisfa\u00e7\u00e3o que a FLEMACON, em nome dos Sindicatos filiados, parabeniza a 91\u00aa Assembleia Nacional de Delegados da SUTIMAC, que ser\u00e1 realizada de 24 a 26 de fevereiro, em Santa B\u00e1rbara, Antioquia, Col\u00f4mbia. Transmitimos nossas mais cordiais sauda\u00e7\u00f5es ao presidente da entidade, Eddie Lenis Mart\u00ednez, e ao secret\u00e1rio-geral Jhon Jairo Quintero, em cujos [&hellip;]<\/p>\n","protected":false},"author":2,"featured_media":12035,"comment_status":"closed","ping_status":"open","sticky":false,"template":"","format":"standard","meta":{"_coblocks_attr":"","_coblocks_dimensions":"","_coblocks_responsive_height":"","_coblocks_accordion_ie_support":"","footnotes":""},"categories":[28,31],"tags":[177,50,45,49],"class_list":{"0":"post-12031","1":"post","2":"type-post","3":"status-publish","4":"format-standard","5":"has-post-thumbnail","7":"category-america-latina","8":"category-noticias-eventos","9":"tag-91a-asamblea","10":"tag-colombia","11":"tag-flemacon","12":"tag-sutimac"},"translation":{"provider":"WPGlobus","version":"3.0.2","language":"pt","enabled_languages":["es","pt"],"languages":{"es":{"title":true,"content":true,"excerpt":false},"pt":{"title":true,"content":true,"excerpt":false}}},"_links":{"self":[{"href":"https:\/\/www.flemacon.org\/pt\/wp-json\/wp\/v2\/posts\/12031","targetHints":{"allow":["GET"]}}],"collection":[{"href":"https:\/\/www.flemacon.org\/pt\/wp-json\/wp\/v2\/posts"}],"about":[{"href":"https:\/\/www.flemacon.org\/pt\/wp-json\/wp\/v2\/types\/post"}],"author":[{"embeddable":true,"href":"https:\/\/www.flemacon.org\/pt\/wp-json\/wp\/v2\/users\/2"}],"replies":[{"embeddable":true,"href":"https:\/\/www.flemacon.org\/pt\/wp-json\/wp\/v2\/comments?post=12031"}],"version-history":[{"count":5,"href":"https:\/\/www.flemacon.org\/pt\/wp-json\/wp\/v2\/posts\/12031\/revisions"}],"predecessor-version":[{"id":12038,"href":"https:\/\/www.flemacon.org\/pt\/wp-json\/wp\/v2\/posts\/12031\/revisions\/12038"}],"wp:featuredmedia":[{"embeddable":true,"href":"https:\/\/www.flemacon.org\/pt\/wp-json\/wp\/v2\/media\/12035"}],"wp:attachment":[{"href":"https:\/\/www.flemacon.org\/pt\/wp-json\/wp\/v2\/media?parent=12031"}],"wp:term":[{"taxonomy":"category","embeddable":true,"href":"https:\/\/www.flemacon.org\/pt\/wp-json\/wp\/v2\/categories?post=12031"},{"taxonomy":"post_tag","embeddable":true,"href":"https:\/\/www.flemacon.org\/pt\/wp-json\/wp\/v2\/tags?post=12031"}],"curies":[{"name":"wp","href":"https:\/\/api.w.org\/{rel}","templated":true}]}}