{"id":12212,"date":"2026-04-28T11:10:07","date_gmt":"2026-04-28T11:10:07","guid":{"rendered":"https:\/\/www.flemacon.org\/?p=12212"},"modified":"2026-04-28T14:35:54","modified_gmt":"2026-04-28T14:35:54","slug":"28-de-abril-dia-mundial-en-recuerdo-de-las-victimas-de-accidentes-de-trabajo","status":"publish","type":"post","link":"https:\/\/www.flemacon.org\/pt\/2026\/04\/28-de-abril-dia-mundial-en-recuerdo-de-las-victimas-de-accidentes-de-trabajo\/","title":{"rendered":"28 de Abril: Dia Mundial em Mem\u00f3ria das V\u00edtimas de Acidentes e Doen\u00e7as do Trabalho"},"content":{"rendered":"<p>A Campanha Abril Verde \u00e9 um movimento brasileiro de conscientiza\u00e7\u00e3o sobre a seguran\u00e7a e a sa\u00fade no trabalho, com o objetivo de reduzir acidentes e doen\u00e7as ocupacionais. Realizado durante todo o m\u00eas de abril, tem como destaque a data de 28 de abril, dlque marca o Dia Mundial em Mem\u00f3ria das V\u00edtimas de Acidentes de Trabalho.<\/p>\n<p>Para refor\u00e7ar a import\u00e2ncia da preven\u00e7\u00e3o e da constru\u00e7\u00e3o de ambientes laborais mais seguros, o SINTRACOM-BA, a FETRACOM-BASE, CTB e FLEMACON unem-se na luta em defesa da vida, com diversas entidades sindicais, centrais e \u00f3rg\u00e3os p\u00fablicos, para fortalecer a\u00e7\u00f5es coletivas em prol da sa\u00fade e da seguran\u00e7a dos trabalhadores e trabalhadoras.<\/p>\n<p>O principal objetivo do Abril Verde \u00e9 conscientizar trabalhadores e empregadores sobre a import\u00e2ncia do cumprimento das Normas Regulamentadoras (NRs) e da preven\u00e7\u00e3o dos riscos ocupacionais. A campanha representa um passo importante pela vida, com foco em medidas preventivas e prote\u00e7\u00e3o coletiva imediata.<\/p>\n<p>28 de abril, n\u00e3o \u00e9 uma data qualquer. \u00c9 um marco de den\u00fancia, de luto e, sobretudo, de luta. Em um cen\u00e1rio em que acidentes, adoecimentos e mortes seguem marcando a realidade da classe trabalhadora, \u00e9 urgente transformar mem\u00f3ria em mobiliza\u00e7\u00e3o.<\/p>\n<p>\u00c9 nesse contexto que o F\u00f3rum de Prote\u00e7\u00e3o ao Meio Ambiente do Trabalho do Estado da Bahia (FORUMAT-BA) realiza, na manh\u00e3 de hoje, o Semin\u00e1rio \u201cRiscos psicossociais e as novas diretrizes da NR-1\u201d.<\/p>\n<p>Os diretores do SINTRACOM-BA Amando de Jesus (vice-presidente), Arilson Ferreira (Sa\u00fade e Seguran\u00e7a do Trabalho), Jos\u00e9 Ribeiro, Raimundo Bas\u00edlio e Hercilia Concei\u00e7\u00e3o participam dessa atividade, que coloca no centro do debate o problema crescente do impacto das condi\u00e7\u00f5es de trabalho na sa\u00fade mental dos trabalhadores e trabalhadoras. Representam tamb\u00e9m a FETRACOM-BASE, a CTB e a FLEMACON.<\/p>\n<p>Press\u00e3o por metas abusivas, jornadas exaustivas, ass\u00e9dio moral e inseguran\u00e7a constante n\u00e3o s\u00e3o casos isolados, s\u00e3o parte de um modelo de explora\u00e7\u00e3o capitalista que adoece e mata.<\/p>\n<p>Discutir os riscos psicossociais, possibilita aos participantes do Semin\u00e1rio ampliarem sua base de conhecimento, para se tornarem atores multiplicadores, com condi\u00e7\u00f5es para o enfrentamento desse modelo e de exigir mudan\u00e7as concretas no meio ambiente do trabalho.<\/p>\n<p>Al\u00e9m disso, o semin\u00e1rio aborda as novas diretrizes da NR-1, que precisam sair do papel e se traduzir em prote\u00e7\u00e3o real. N\u00e3o basta atualizar normas: \u00e9 necess\u00e1rio garantir fiscaliza\u00e7\u00e3o efetiva, responsabiliza\u00e7\u00e3o dos empregadores e participa\u00e7\u00e3o ativa dos trabalhadores na constru\u00e7\u00e3o de ambientes seguros.<\/p>\n<p>O encontro acontece no Audit\u00f3rio da Escola Judicial do TRT-5, no F\u00f3rum 2 de Julho, em Salvador, com participa\u00e7\u00e3o presencial e online. Mais do que um evento, o Semin\u00e1rio \u00e9 um chamado \u00e0 organiza\u00e7\u00e3o e \u00e0 resist\u00eancia.<\/p>\n<p>Entre as a\u00e7\u00f5es defendidas pela Campanha Abril Verde est\u00e3o a realiza\u00e7\u00e3o de Di\u00e1logos Di\u00e1rios de Seguran\u00e7a (DDS), semin\u00e1rios, palestras, treinamentos e iniciativas voltadas \u00e0 sa\u00fade f\u00edsica e mental dos trabalhadores (as). Essas atividades visam ampliar a cultura da preven\u00e7\u00e3o nos locais de trabalho e incentivar o reconhecimento e o relato de situa\u00e7\u00f5es de risco.<\/p>\n<p>A campanha tamb\u00e9m busca alertar para n\u00fameros preocupantes de acidentes e \u00f3bitos relacionados ao trabalho, que atingem milhares de trabalhadores (as) no Brasil e no mundo todos os anos. Diante desse cen\u00e1rio, o fortalecimento das pol\u00edticas de preven\u00e7\u00e3o torna-se essencial.<\/p>\n<p>O la\u00e7o verde, s\u00edmbolo do Abril Verde, representa a sa\u00fade, a esperan\u00e7a e o compromisso com ambientes de trabalho mais seguros. A mobiliza\u00e7\u00e3o inclui ainda palestras sobre riscos ocupacionais, incentivo ao di\u00e1logo entre trabalhadores (as) e empresas, e atividades voltadas \u00e0 sa\u00fade mental e \u00e0 preven\u00e7\u00e3o de doen\u00e7as ocupacionais.<\/p>\n<p>A FLEMACON reafirma que investir em sa\u00fade e seguran\u00e7a \u00e9 proteger vidas. Abril Verde \u00e9 mais do que uma campanha: \u00e9 um chamado permanente \u00e0 conscientiza\u00e7\u00e3o e \u00e0 a\u00e7\u00e3o coletiva.<\/p>\n<p>Defender a sa\u00fade e a seguran\u00e7a no trabalho \u00e9 defender direitos, dignidade e a pr\u00f3pria vida.<\/p>\n<p>Dia de lembrar para lutar, debater e cobrar mudan\u00e7as reais nos locais de trabalho.<\/p>\n<p>Nenhuma vida a menos!<br \/>\nA\u00e7\u00f5es Coletivas J\u00e1!<\/p>\n<p><img loading=\"lazy\" decoding=\"async\" class=\"alignnone wp-image-12216 size-full\" src=\"https:\/\/www.flemacon.org\/wp-content\/uploads\/2026\/04\/IMG-20260428-WA0061.jpg\" alt=\"\" width=\"1476\" height=\"450\" srcset=\"https:\/\/www.flemacon.org\/wp-content\/uploads\/2026\/04\/IMG-20260428-WA0061.jpg 1476w, https:\/\/www.flemacon.org\/wp-content\/uploads\/2026\/04\/IMG-20260428-WA0061-300x91.jpg 300w, https:\/\/www.flemacon.org\/wp-content\/uploads\/2026\/04\/IMG-20260428-WA0061-1024x312.jpg 1024w, https:\/\/www.flemacon.org\/wp-content\/uploads\/2026\/04\/IMG-20260428-WA0061-768x234.jpg 768w, https:\/\/www.flemacon.org\/wp-content\/uploads\/2026\/04\/IMG-20260428-WA0061-1378x420.jpg 1378w, https:\/\/www.flemacon.org\/wp-content\/uploads\/2026\/04\/IMG-20260428-WA0061-150x46.jpg 150w, https:\/\/www.flemacon.org\/wp-content\/uploads\/2026\/04\/IMG-20260428-WA0061-600x183.jpg 600w, https:\/\/www.flemacon.org\/wp-content\/uploads\/2026\/04\/IMG-20260428-WA0061-696x212.jpg 696w, https:\/\/www.flemacon.org\/wp-content\/uploads\/2026\/04\/IMG-20260428-WA0061-1392x424.jpg 1392w, https:\/\/www.flemacon.org\/wp-content\/uploads\/2026\/04\/IMG-20260428-WA0061-1068x326.jpg 1068w\" sizes=\"auto, (max-width: 1476px) 100vw, 1476px\" \/><\/p>\n<div style=\"width: 478px;\" class=\"wp-video\"><video class=\"wp-video-shortcode\" id=\"video-12212-1\" width=\"478\" height=\"850\" preload=\"metadata\" controls=\"controls\"><source type=\"video\/mp4\" src=\"https:\/\/www.flemacon.org\/wp-content\/uploads\/2026\/04\/VID-20260428-WA0060.mp4?_=1\" \/><a href=\"https:\/\/www.flemacon.org\/wp-content\/uploads\/2026\/04\/VID-20260428-WA0060.mp4\">https:\/\/www.flemacon.org\/wp-content\/uploads\/2026\/04\/VID-20260428-WA0060.mp4<\/a><\/video><\/div>\n<p><img loading=\"lazy\" decoding=\"async\" class=\"alignnone wp-image-12218 size-full\" src=\"https:\/\/www.flemacon.org\/wp-content\/uploads\/2026\/04\/IMG-20260428-WA0059.jpg\" alt=\"\" width=\"1600\" height=\"1200\" srcset=\"https:\/\/www.flemacon.org\/wp-content\/uploads\/2026\/04\/IMG-20260428-WA0059.jpg 1600w, https:\/\/www.flemacon.org\/wp-content\/uploads\/2026\/04\/IMG-20260428-WA0059-300x225.jpg 300w, https:\/\/www.flemacon.org\/wp-content\/uploads\/2026\/04\/IMG-20260428-WA0059-1024x768.jpg 1024w, https:\/\/www.flemacon.org\/wp-content\/uploads\/2026\/04\/IMG-20260428-WA0059-768x576.jpg 768w, https:\/\/www.flemacon.org\/wp-content\/uploads\/2026\/04\/IMG-20260428-WA0059-1536x1152.jpg 1536w, https:\/\/www.flemacon.org\/wp-content\/uploads\/2026\/04\/IMG-20260428-WA0059-560x420.jpg 560w, https:\/\/www.flemacon.org\/wp-content\/uploads\/2026\/04\/IMG-20260428-WA0059-1120x840.jpg 1120w, https:\/\/www.flemacon.org\/wp-content\/uploads\/2026\/04\/IMG-20260428-WA0059-80x60.jpg 80w, https:\/\/www.flemacon.org\/wp-content\/uploads\/2026\/04\/IMG-20260428-WA0059-160x120.jpg 160w, https:\/\/www.flemacon.org\/wp-content\/uploads\/2026\/04\/IMG-20260428-WA0059-150x113.jpg 150w, https:\/\/www.flemacon.org\/wp-content\/uploads\/2026\/04\/IMG-20260428-WA0059-600x450.jpg 600w, https:\/\/www.flemacon.org\/wp-content\/uploads\/2026\/04\/IMG-20260428-WA0059-696x522.jpg 696w, https:\/\/www.flemacon.org\/wp-content\/uploads\/2026\/04\/IMG-20260428-WA0059-1392x1044.jpg 1392w, https:\/\/www.flemacon.org\/wp-content\/uploads\/2026\/04\/IMG-20260428-WA0059-1068x801.jpg 1068w, https:\/\/www.flemacon.org\/wp-content\/uploads\/2026\/04\/IMG-20260428-WA0059-265x198.jpg 265w\" sizes=\"auto, (max-width: 1600px) 100vw, 1600px\" \/><\/p>\n<div style=\"width: 478px;\" class=\"wp-video\"><video class=\"wp-video-shortcode\" id=\"video-12212-2\" width=\"478\" height=\"850\" preload=\"metadata\" controls=\"controls\"><source type=\"video\/mp4\" src=\"https:\/\/www.flemacon.org\/wp-content\/uploads\/2026\/04\/VID-20260428-WA0049.mp4?_=2\" \/><a href=\"https:\/\/www.flemacon.org\/wp-content\/uploads\/2026\/04\/VID-20260428-WA0049.mp4\">https:\/\/www.flemacon.org\/wp-content\/uploads\/2026\/04\/VID-20260428-WA0049.mp4<\/a><\/video><\/div>\n<p><img loading=\"lazy\" decoding=\"async\" class=\"alignnone wp-image-12220 size-full\" src=\"https:\/\/www.flemacon.org\/wp-content\/uploads\/2026\/04\/IMG-20260428-WA0048_edit_17210576573936.jpg\" alt=\"\" width=\"1572\" height=\"1200\" srcset=\"https:\/\/www.flemacon.org\/wp-content\/uploads\/2026\/04\/IMG-20260428-WA0048_edit_17210576573936.jpg 1572w, https:\/\/www.flemacon.org\/wp-content\/uploads\/2026\/04\/IMG-20260428-WA0048_edit_17210576573936-300x229.jpg 300w, https:\/\/www.flemacon.org\/wp-content\/uploads\/2026\/04\/IMG-20260428-WA0048_edit_17210576573936-1024x782.jpg 1024w, https:\/\/www.flemacon.org\/wp-content\/uploads\/2026\/04\/IMG-20260428-WA0048_edit_17210576573936-768x586.jpg 768w, https:\/\/www.flemacon.org\/wp-content\/uploads\/2026\/04\/IMG-20260428-WA0048_edit_17210576573936-1536x1173.jpg 1536w, https:\/\/www.flemacon.org\/wp-content\/uploads\/2026\/04\/IMG-20260428-WA0048_edit_17210576573936-550x420.jpg 550w, https:\/\/www.flemacon.org\/wp-content\/uploads\/2026\/04\/IMG-20260428-WA0048_edit_17210576573936-1100x840.jpg 1100w, https:\/\/www.flemacon.org\/wp-content\/uploads\/2026\/04\/IMG-20260428-WA0048_edit_17210576573936-80x60.jpg 80w, https:\/\/www.flemacon.org\/wp-content\/uploads\/2026\/04\/IMG-20260428-WA0048_edit_17210576573936-150x115.jpg 150w, https:\/\/www.flemacon.org\/wp-content\/uploads\/2026\/04\/IMG-20260428-WA0048_edit_17210576573936-600x458.jpg 600w, https:\/\/www.flemacon.org\/wp-content\/uploads\/2026\/04\/IMG-20260428-WA0048_edit_17210576573936-696x531.jpg 696w, https:\/\/www.flemacon.org\/wp-content\/uploads\/2026\/04\/IMG-20260428-WA0048_edit_17210576573936-1392x1063.jpg 1392w, https:\/\/www.flemacon.org\/wp-content\/uploads\/2026\/04\/IMG-20260428-WA0048_edit_17210576573936-1068x815.jpg 1068w\" sizes=\"auto, (max-width: 1572px) 100vw, 1572px\" \/><\/p>\n<p><img loading=\"lazy\" decoding=\"async\" class=\"alignnone wp-image-12221 size-full\" src=\"https:\/\/www.flemacon.org\/wp-content\/uploads\/2026\/04\/IMG_20260428_095524_edit_17151544457799.jpg\" alt=\"\" width=\"1015\" height=\"1200\" srcset=\"https:\/\/www.flemacon.org\/wp-content\/uploads\/2026\/04\/IMG_20260428_095524_edit_17151544457799.jpg 1015w, https:\/\/www.flemacon.org\/wp-content\/uploads\/2026\/04\/IMG_20260428_095524_edit_17151544457799-254x300.jpg 254w, https:\/\/www.flemacon.org\/wp-content\/uploads\/2026\/04\/IMG_20260428_095524_edit_17151544457799-866x1024.jpg 866w, https:\/\/www.flemacon.org\/wp-content\/uploads\/2026\/04\/IMG_20260428_095524_edit_17151544457799-768x908.jpg 768w, https:\/\/www.flemacon.org\/wp-content\/uploads\/2026\/04\/IMG_20260428_095524_edit_17151544457799-355x420.jpg 355w, https:\/\/www.flemacon.org\/wp-content\/uploads\/2026\/04\/IMG_20260428_095524_edit_17151544457799-711x840.jpg 711w, https:\/\/www.flemacon.org\/wp-content\/uploads\/2026\/04\/IMG_20260428_095524_edit_17151544457799-150x177.jpg 150w, https:\/\/www.flemacon.org\/wp-content\/uploads\/2026\/04\/IMG_20260428_095524_edit_17151544457799-300x355.jpg 300w, https:\/\/www.flemacon.org\/wp-content\/uploads\/2026\/04\/IMG_20260428_095524_edit_17151544457799-600x709.jpg 600w, https:\/\/www.flemacon.org\/wp-content\/uploads\/2026\/04\/IMG_20260428_095524_edit_17151544457799-696x823.jpg 696w\" sizes=\"auto, (max-width: 1015px) 100vw, 1015px\" \/><\/p>\n<p><img loading=\"lazy\" decoding=\"async\" class=\"alignnone wp-image-12222 size-full\" src=\"https:\/\/www.flemacon.org\/wp-content\/uploads\/2026\/04\/IMG-20260428-WA0021_edit_17128582507802.jpg\" alt=\"\" width=\"1200\" height=\"1600\" srcset=\"https:\/\/www.flemacon.org\/wp-content\/uploads\/2026\/04\/IMG-20260428-WA0021_edit_17128582507802.jpg 1200w, https:\/\/www.flemacon.org\/wp-content\/uploads\/2026\/04\/IMG-20260428-WA0021_edit_17128582507802-225x300.jpg 225w, https:\/\/www.flemacon.org\/wp-content\/uploads\/2026\/04\/IMG-20260428-WA0021_edit_17128582507802-768x1024.jpg 768w, https:\/\/www.flemacon.org\/wp-content\/uploads\/2026\/04\/IMG-20260428-WA0021_edit_17128582507802-1152x1536.jpg 1152w, https:\/\/www.flemacon.org\/wp-content\/uploads\/2026\/04\/IMG-20260428-WA0021_edit_17128582507802-315x420.jpg 315w, https:\/\/www.flemacon.org\/wp-content\/uploads\/2026\/04\/IMG-20260428-WA0021_edit_17128582507802-630x840.jpg 630w, https:\/\/www.flemacon.org\/wp-content\/uploads\/2026\/04\/IMG-20260428-WA0021_edit_17128582507802-150x200.jpg 150w, https:\/\/www.flemacon.org\/wp-content\/uploads\/2026\/04\/IMG-20260428-WA0021_edit_17128582507802-300x400.jpg 300w, https:\/\/www.flemacon.org\/wp-content\/uploads\/2026\/04\/IMG-20260428-WA0021_edit_17128582507802-600x800.jpg 600w, https:\/\/www.flemacon.org\/wp-content\/uploads\/2026\/04\/IMG-20260428-WA0021_edit_17128582507802-696x928.jpg 696w, https:\/\/www.flemacon.org\/wp-content\/uploads\/2026\/04\/IMG-20260428-WA0021_edit_17128582507802-1068x1424.jpg 1068w\" sizes=\"auto, (max-width: 1200px) 100vw, 1200px\" \/><\/p>\n","protected":false},"excerpt":{"rendered":"<p>A Campanha Abril Verde \u00e9 um movimento brasileiro de conscientiza\u00e7\u00e3o sobre a seguran\u00e7a e a sa\u00fade no trabalho, com o objetivo de reduzir acidentes e doen\u00e7as ocupacionais. Realizado durante todo o m\u00eas de abril, tem como destaque a data de 28 de abril, dlque marca o Dia Mundial em Mem\u00f3ria das V\u00edtimas de Acidentes de [&hellip;]<\/p>\n","protected":false},"author":2,"featured_media":12215,"comment_status":"closed","ping_status":"open","sticky":false,"template":"","format":"standard","meta":{"_coblocks_attr":"","_coblocks_dimensions":"","_coblocks_responsive_height":"","_coblocks_accordion_ie_support":"","footnotes":""},"categories":[28,29,31],"tags":[187,101,188,100,45,99],"class_list":{"0":"post-12212","1":"post","2":"type-post","3":"status-publish","4":"format-standard","5":"has-post-thumbnail","7":"category-america-latina","8":"category-mundo","9":"category-noticias-eventos","10":"tag-28-de-abril","11":"tag-ctb","12":"tag-dia-mundial-en-recuerdo-de-las-victimas-de-accidentes-de-trabajo","13":"tag-fetracom-base","14":"tag-flemacon","15":"tag-sintracom-ba"},"translation":{"provider":"WPGlobus","version":"3.0.2","language":"pt","enabled_languages":["es","pt"],"languages":{"es":{"title":true,"content":true,"excerpt":false},"pt":{"title":true,"content":true,"excerpt":false}}},"_links":{"self":[{"href":"https:\/\/www.flemacon.org\/pt\/wp-json\/wp\/v2\/posts\/12212","targetHints":{"allow":["GET"]}}],"collection":[{"href":"https:\/\/www.flemacon.org\/pt\/wp-json\/wp\/v2\/posts"}],"about":[{"href":"https:\/\/www.flemacon.org\/pt\/wp-json\/wp\/v2\/types\/post"}],"author":[{"embeddable":true,"href":"https:\/\/www.flemacon.org\/pt\/wp-json\/wp\/v2\/users\/2"}],"replies":[{"embeddable":true,"href":"https:\/\/www.flemacon.org\/pt\/wp-json\/wp\/v2\/comments?post=12212"}],"version-history":[{"count":9,"href":"https:\/\/www.flemacon.org\/pt\/wp-json\/wp\/v2\/posts\/12212\/revisions"}],"predecessor-version":[{"id":12229,"href":"https:\/\/www.flemacon.org\/pt\/wp-json\/wp\/v2\/posts\/12212\/revisions\/12229"}],"wp:featuredmedia":[{"embeddable":true,"href":"https:\/\/www.flemacon.org\/pt\/wp-json\/wp\/v2\/media\/12215"}],"wp:attachment":[{"href":"https:\/\/www.flemacon.org\/pt\/wp-json\/wp\/v2\/media?parent=12212"}],"wp:term":[{"taxonomy":"category","embeddable":true,"href":"https:\/\/www.flemacon.org\/pt\/wp-json\/wp\/v2\/categories?post=12212"},{"taxonomy":"post_tag","embeddable":true,"href":"https:\/\/www.flemacon.org\/pt\/wp-json\/wp\/v2\/tags?post=12212"}],"curies":[{"name":"wp","href":"https:\/\/api.w.org\/{rel}","templated":true}]}}