{"id":12230,"date":"2026-04-28T13:47:03","date_gmt":"2026-04-28T13:47:03","guid":{"rendered":"https:\/\/www.flemacon.org\/?p=12230"},"modified":"2026-04-28T16:54:53","modified_gmt":"2026-04-28T16:54:53","slug":"28-de-abril-dia-mundial-de-la-seguridad-y-salud-en-el-trabajo","status":"publish","type":"post","link":"https:\/\/www.flemacon.org\/pt\/2026\/04\/28-de-abril-dia-mundial-de-la-seguridad-y-salud-en-el-trabajo\/","title":{"rendered":"28 de Abril: D\u00eda Mundial de la Seguridad y Salud en el Trabajo"},"content":{"rendered":"<p>En el marco del D\u00eda Mundial de la Seguridad y Salud en el Trabajo, la FLEMACON extiende un saludo firme, solidario y combativo a todos los trabajadores y trabajadoras de la construcci\u00f3n en Am\u00e9rica Latina, el Caribe y el mundo.<\/p>\n<p>Hoy no es un d\u00eda de celebraci\u00f3n. Es un d\u00eda de memoria, de lucha y de compromiso.<\/p>\n<p>Cada a\u00f1o, miles de trabajadores de la construcci\u00f3n no regresan a casa. Otros tantos quedan marcados de por vida por accidentes que pudieron evitarse. Detr\u00e1s de cada cifra hay una familia, una historia, un compa\u00f1ero.<\/p>\n<p>Desde la FLEMACON reafirmamos que la seguridad no es un privilegio, es un derecho fundamental. No aceptamos que la vida del trabajador siga siendo el costo oculto del desarrollo.<\/p>\n<p>Denunciamos con firmeza:<\/p>\n<p>La informalidad laboral que expone a millones a condiciones inseguras;<\/p>\n<p>La falta de fiscalizaci\u00f3n efectiva en obras;<\/p>\n<p>El incumplimiento de normas de Seguridad y Salud en el Trabajo;<\/p>\n<p>La ausencia de capacitaci\u00f3n real en prevenci\u00f3n;<\/p>\n<p>Y al mismo tiempo, reafirmamos nuestro compromiso de lucha por:<\/p>\n<p>Obras seguras y condiciones dignas<br \/>\nFormaci\u00f3n permanente en prevenci\u00f3n de riesgos;<\/p>\n<p>Participaci\u00f3n activa de los sindicatos en la vigilancia de la SST;<\/p>\n<p>Pol\u00edticas p\u00fablicas que prioricen la vida sobre la producci\u00f3n;<\/p>\n<p>Hacemos un llamado a los gobiernos, empleadores y sociedad en su conjunto a asumir su responsabilidad hist\u00f3rica.<\/p>\n<p>Ning\u00fan trabajador debe morir por ganarse la vida.<\/p>\n<p>Hoy levantamos la voz por los que ya no est\u00e1n y por los que seguimos en pie. La prevenci\u00f3n no puede esperar.<\/p>\n<p>Desde Am\u00e9rica Latina y el Caribe hacia el mundo, reiteramos:<\/p>\n<p>\u00a1La vida del trabajador se respeta!<\/p>\n<p>\u00a1La seguridad se defiende!<\/p>\n<p>\u00a1La SST se construye con organizaci\u00f3n, lucha y unidad!<\/p>\n<p>Lima, 28 de abril de 2026<\/p>\n<p>FLEMACON<\/p>\n","protected":false},"excerpt":{"rendered":"<p>En el marco del D\u00eda Mundial de la Seguridad y Salud en el Trabajo, la FLEMACON extiende un saludo firme, solidario y combativo a todos los trabajadores y trabajadoras de la construcci\u00f3n en Am\u00e9rica Latina, el Caribe y el mundo. Hoy no es un d\u00eda de celebraci\u00f3n. Es un d\u00eda de memoria, de lucha y [&hellip;]<\/p>\n","protected":false},"author":2,"featured_media":12231,"comment_status":"closed","ping_status":"open","sticky":false,"template":"","format":"standard","meta":{"_coblocks_attr":"","_coblocks_dimensions":"","_coblocks_responsive_height":"","_coblocks_accordion_ie_support":"","footnotes":""},"categories":[28,29,31],"tags":[187,189,45],"class_list":{"0":"post-12230","1":"post","2":"type-post","3":"status-publish","4":"format-standard","5":"has-post-thumbnail","7":"category-america-latina","8":"category-mundo","9":"category-noticias-eventos","10":"tag-28-de-abril","11":"tag-dia-mundial-de-la-seguridad-y-salud-en-el-trabajo","12":"tag-flemacon"},"translation":{"provider":"WPGlobus","version":"3.0.2","language":"pt","enabled_languages":["es","pt"],"languages":{"es":{"title":true,"content":true,"excerpt":false},"pt":{"title":true,"content":true,"excerpt":false}}},"_links":{"self":[{"href":"https:\/\/www.flemacon.org\/pt\/wp-json\/wp\/v2\/posts\/12230","targetHints":{"allow":["GET"]}}],"collection":[{"href":"https:\/\/www.flemacon.org\/pt\/wp-json\/wp\/v2\/posts"}],"about":[{"href":"https:\/\/www.flemacon.org\/pt\/wp-json\/wp\/v2\/types\/post"}],"author":[{"embeddable":true,"href":"https:\/\/www.flemacon.org\/pt\/wp-json\/wp\/v2\/users\/2"}],"replies":[{"embeddable":true,"href":"https:\/\/www.flemacon.org\/pt\/wp-json\/wp\/v2\/comments?post=12230"}],"version-history":[{"count":2,"href":"https:\/\/www.flemacon.org\/pt\/wp-json\/wp\/v2\/posts\/12230\/revisions"}],"predecessor-version":[{"id":12233,"href":"https:\/\/www.flemacon.org\/pt\/wp-json\/wp\/v2\/posts\/12230\/revisions\/12233"}],"wp:featuredmedia":[{"embeddable":true,"href":"https:\/\/www.flemacon.org\/pt\/wp-json\/wp\/v2\/media\/12231"}],"wp:attachment":[{"href":"https:\/\/www.flemacon.org\/pt\/wp-json\/wp\/v2\/media?parent=12230"}],"wp:term":[{"taxonomy":"category","embeddable":true,"href":"https:\/\/www.flemacon.org\/pt\/wp-json\/wp\/v2\/categories?post=12230"},{"taxonomy":"post_tag","embeddable":true,"href":"https:\/\/www.flemacon.org\/pt\/wp-json\/wp\/v2\/tags?post=12230"}],"curies":[{"name":"wp","href":"https:\/\/api.w.org\/{rel}","templated":true}]}}