{"id":12234,"date":"2026-04-28T15:13:09","date_gmt":"2026-04-28T15:13:09","guid":{"rendered":"https:\/\/www.flemacon.org\/?p=12234"},"modified":"2026-05-01T03:22:02","modified_gmt":"2026-05-01T03:22:02","slug":"declaracion-de-la-uitbb-para-el-dia-mundial-de-la-seguridad-y-la-salud-en-el-trabajo-2026","status":"publish","type":"post","link":"https:\/\/www.flemacon.org\/pt\/2026\/04\/declaracion-de-la-uitbb-para-el-dia-mundial-de-la-seguridad-y-la-salud-en-el-trabajo-2026\/","title":{"rendered":"Declara\u00e7\u00e3o da UITBB para o Dia Mundial da Seguran\u00e7a e Sa\u00fade no Trabalho 2026"},"content":{"rendered":"<p>A UITBB celebra este 28 de abril de 2026 e sa\u00fada a classe trabalhadora global. Este \u00e9 um dia para nos mobilizarmos em mem\u00f3ria dos nossos camaradas ca\u00eddos que foram sacrificados pelos lucros de poucos.<\/p>\n<p>Honramos a mem\u00f3ria de muitos trabalhadores, especialmente na ind\u00fastria da constru\u00e7\u00e3o, que perderam a vida, sofreram ferimentos ou adoeceram devido a prote\u00e7\u00f5es inadequadas no local de trabalho. Estas trag\u00e9dias s\u00e3o um lembrete de que por tr\u00e1s de cada estat\u00edstica h\u00e1 um ser humano e uma fam\u00edlia deixados para tr\u00e1s.<\/p>\n<p>A nossa posi\u00e7\u00e3o permanece clara: a seguran\u00e7a \u00e9 um direito universal para todos e devemos desafiar qualquer sistema que priorize os lucros em detrimento do bem-estar dos trabalhadores. Embora a constru\u00e7\u00e3o continue a ser um dos sectores mais perigosos do mundo, sabemos que estes riscos n\u00e3o s\u00e3o inevit\u00e1veis.<\/p>\n<p>A seguran\u00e7a n\u00e3o melhora por acaso; requer a organiza\u00e7\u00e3o ativa dos trabalhadores, a aplica\u00e7\u00e3o estrita das leis laborais por parte dos governos e a forma\u00e7\u00e3o e equipamento necess\u00e1rios. Ao olharmos para o futuro, sublinhamos que, embora a tecnologia ofere\u00e7a novas ferramentas, n\u00e3o deve ser utilizada para aumentar a press\u00e3o sobre os trabalhadores.<\/p>\n<p>A UITBB continuar\u00e1 a lutar por um mundo onde cada trabalhador volte para casa no final do dia, garantindo que a vida humana seja sempre a primeira prioridade, sempre e para sempre.<\/p>\n","protected":false},"excerpt":{"rendered":"<p>A UITBB celebra este 28 de abril de 2026 e sa\u00fada a classe trabalhadora global. Este \u00e9 um dia para nos mobilizarmos em mem\u00f3ria dos nossos camaradas ca\u00eddos que foram sacrificados pelos lucros de poucos. Honramos a mem\u00f3ria de muitos trabalhadores, especialmente na ind\u00fastria da constru\u00e7\u00e3o, que perderam a vida, sofreram ferimentos ou adoeceram devido [&hellip;]<\/p>\n","protected":false},"author":2,"featured_media":12239,"comment_status":"closed","ping_status":"open","sticky":false,"template":"","format":"standard","meta":{"_coblocks_attr":"","_coblocks_dimensions":"","_coblocks_responsive_height":"","_coblocks_accordion_ie_support":"","footnotes":""},"categories":[29,31],"tags":[154,187,190,41],"class_list":{"0":"post-12234","1":"post","2":"type-post","3":"status-publish","4":"format-standard","5":"has-post-thumbnail","7":"category-mundo","8":"category-noticias-eventos","9":"tag-154","10":"tag-28-de-abril","11":"tag-dia-mundial-de-la-seguridad-y-la-salud-en-el-trabajo","12":"tag-uitbb"},"translation":{"provider":"WPGlobus","version":"3.0.2","language":"pt","enabled_languages":["es","pt"],"languages":{"es":{"title":true,"content":true,"excerpt":false},"pt":{"title":true,"content":true,"excerpt":false}}},"_links":{"self":[{"href":"https:\/\/www.flemacon.org\/pt\/wp-json\/wp\/v2\/posts\/12234","targetHints":{"allow":["GET"]}}],"collection":[{"href":"https:\/\/www.flemacon.org\/pt\/wp-json\/wp\/v2\/posts"}],"about":[{"href":"https:\/\/www.flemacon.org\/pt\/wp-json\/wp\/v2\/types\/post"}],"author":[{"embeddable":true,"href":"https:\/\/www.flemacon.org\/pt\/wp-json\/wp\/v2\/users\/2"}],"replies":[{"embeddable":true,"href":"https:\/\/www.flemacon.org\/pt\/wp-json\/wp\/v2\/comments?post=12234"}],"version-history":[{"count":4,"href":"https:\/\/www.flemacon.org\/pt\/wp-json\/wp\/v2\/posts\/12234\/revisions"}],"predecessor-version":[{"id":12238,"href":"https:\/\/www.flemacon.org\/pt\/wp-json\/wp\/v2\/posts\/12234\/revisions\/12238"}],"wp:featuredmedia":[{"embeddable":true,"href":"https:\/\/www.flemacon.org\/pt\/wp-json\/wp\/v2\/media\/12239"}],"wp:attachment":[{"href":"https:\/\/www.flemacon.org\/pt\/wp-json\/wp\/v2\/media?parent=12234"}],"wp:term":[{"taxonomy":"category","embeddable":true,"href":"https:\/\/www.flemacon.org\/pt\/wp-json\/wp\/v2\/categories?post=12234"},{"taxonomy":"post_tag","embeddable":true,"href":"https:\/\/www.flemacon.org\/pt\/wp-json\/wp\/v2\/tags?post=12234"}],"curies":[{"name":"wp","href":"https:\/\/api.w.org\/{rel}","templated":true}]}}