{"id":12240,"date":"2026-05-01T00:28:23","date_gmt":"2026-05-01T00:28:23","guid":{"rendered":"https:\/\/www.flemacon.org\/?p=12240"},"modified":"2026-05-01T03:37:00","modified_gmt":"2026-05-01T03:37:00","slug":"declaracao-da-uitbb-no-dia-do-trabalho-de-2026","status":"publish","type":"post","link":"https:\/\/www.flemacon.org\/pt\/2026\/05\/declaracao-da-uitbb-no-dia-do-trabalho-de-2026\/","title":{"rendered":"Declara\u00e7\u00e3o da UITBB no Dia do Trabalho de 2026"},"content":{"rendered":"<p>A UITBB, lado a lado com o movimento sindical de classe, comemora o 140\u00ba anivers\u00e1rio da hist\u00f3rica revolta dos trabalhadores em Chicago em 1886 \u2013 um s\u00edmbolo duradouro de coragem, sacrif\u00edcio e poder colectivo.<\/p>\n<p>Hoje, \u00e0 medida que os conflitos se espalham e a militariza\u00e7\u00e3o se aprofunda em muitas partes do mundo, os recursos p\u00fablicos cada vez mais n\u00e3o s\u00e3o gastos em necessidades essenciais como cuidados de sa\u00fade, educa\u00e7\u00e3o e protec\u00e7\u00e3o social.<\/p>\n<p>Mais uma vez, as prioridades do sistema capitalista s\u00e3o expostas: o lucro e o poder v\u00eam antes da dignidade humana e da paz. Em todos os continentes, os trabalhadores enfrentam press\u00f5es extremas. O custo de vida continua a aumentar, os sal\u00e1rios diminuem e os padr\u00f5es de vida pioram. O emprego est\u00e1vel \u00e9 substitu\u00eddo pela inseguran\u00e7a, enquanto os direitos laborais, a negocia\u00e7\u00e3o colectiva e as liberdades democr\u00e1ticas s\u00e3o minados. Nos locais de trabalho, especialmente na constru\u00e7\u00e3o, a seguran\u00e7a \u00e9 muitas vezes ignorada e os trabalhadores pagam o pre\u00e7o.<\/p>\n<p>A UITBB reafirma o seu compromisso como sindicato de classe no sector da constru\u00e7\u00e3o para resistir \u00e0 explora\u00e7\u00e3o e \u00e0 injusti\u00e7a. Continuamos a lutar por condi\u00e7\u00f5es de trabalho seguras e sal\u00e1rios justos. Lutamos por um futuro onde a riqueza criada pelos trabalhadores seja utilizada para satisfazer necessidades sociais \u2013 e n\u00e3o concentrada nas m\u00e3os de poucos.<\/p>\n<p>Nossa for\u00e7a est\u00e1 na solidariedade. Juntamente com os sindicatos de todo o mundo, lembramos a todos que o futuro est\u00e1 nas m\u00e3os dos trabalhadores!<\/p>\n<p>Neste Dia Internacional dos Trabalhadores, apelamos aos sindicatos militantes de todo o mundo para que intensifiquem a luta, fortale\u00e7am a unidade, para que possamos todos juntos construir um futuro justo e pac\u00edfico.<\/p>\n<p>Viva o Dia Internacional dos Trabalhadores!<\/p>\n<p>Secretaria da UITBB<\/p>\n","protected":false},"excerpt":{"rendered":"<p>A UITBB, lado a lado com o movimento sindical de classe, comemora o 140\u00ba anivers\u00e1rio da hist\u00f3rica revolta dos trabalhadores em Chicago em 1886 \u2013 um s\u00edmbolo duradouro de coragem, sacrif\u00edcio e poder colectivo. Hoje, \u00e0 medida que os conflitos se espalham e a militariza\u00e7\u00e3o se aprofunda em muitas partes do mundo, os recursos p\u00fablicos [&hellip;]<\/p>\n","protected":false},"author":2,"featured_media":12243,"comment_status":"closed","ping_status":"open","sticky":false,"template":"","format":"standard","meta":{"_coblocks_attr":"","_coblocks_dimensions":"","_coblocks_responsive_height":"","_coblocks_accordion_ie_support":"","footnotes":""},"categories":[29,31],"tags":[191,154,192,41],"class_list":{"0":"post-12240","1":"post","2":"type-post","3":"status-publish","4":"format-standard","5":"has-post-thumbnail","7":"category-mundo","8":"category-noticias-eventos","9":"tag-1o-de-mayo","10":"tag-154","11":"tag-declaracion-de-la-uitbb","12":"tag-uitbb"},"translation":{"provider":"WPGlobus","version":"3.0.2","language":"pt","enabled_languages":["es","pt"],"languages":{"es":{"title":true,"content":true,"excerpt":false},"pt":{"title":true,"content":true,"excerpt":false}}},"_links":{"self":[{"href":"https:\/\/www.flemacon.org\/pt\/wp-json\/wp\/v2\/posts\/12240","targetHints":{"allow":["GET"]}}],"collection":[{"href":"https:\/\/www.flemacon.org\/pt\/wp-json\/wp\/v2\/posts"}],"about":[{"href":"https:\/\/www.flemacon.org\/pt\/wp-json\/wp\/v2\/types\/post"}],"author":[{"embeddable":true,"href":"https:\/\/www.flemacon.org\/pt\/wp-json\/wp\/v2\/users\/2"}],"replies":[{"embeddable":true,"href":"https:\/\/www.flemacon.org\/pt\/wp-json\/wp\/v2\/comments?post=12240"}],"version-history":[{"count":7,"href":"https:\/\/www.flemacon.org\/pt\/wp-json\/wp\/v2\/posts\/12240\/revisions"}],"predecessor-version":[{"id":12248,"href":"https:\/\/www.flemacon.org\/pt\/wp-json\/wp\/v2\/posts\/12240\/revisions\/12248"}],"wp:featuredmedia":[{"embeddable":true,"href":"https:\/\/www.flemacon.org\/pt\/wp-json\/wp\/v2\/media\/12243"}],"wp:attachment":[{"href":"https:\/\/www.flemacon.org\/pt\/wp-json\/wp\/v2\/media?parent=12240"}],"wp:term":[{"taxonomy":"category","embeddable":true,"href":"https:\/\/www.flemacon.org\/pt\/wp-json\/wp\/v2\/categories?post=12240"},{"taxonomy":"post_tag","embeddable":true,"href":"https:\/\/www.flemacon.org\/pt\/wp-json\/wp\/v2\/tags?post=12240"}],"curies":[{"name":"wp","href":"https:\/\/api.w.org\/{rel}","templated":true}]}}