{"id":12249,"date":"2026-05-01T00:15:43","date_gmt":"2026-05-01T00:15:43","guid":{"rendered":"https:\/\/www.flemacon.org\/?p=12249"},"modified":"2026-05-01T03:50:55","modified_gmt":"2026-05-01T03:50:55","slug":"declaracao-da-fsm-sobre-o-primero-de-maio-de-2026","status":"publish","type":"post","link":"https:\/\/www.flemacon.org\/pt\/2026\/05\/declaracao-da-fsm-sobre-o-primero-de-maio-de-2026\/","title":{"rendered":"Declara\u00e7\u00e3o da FSM sobre o Primero de Maio de 2026"},"content":{"rendered":"<p>O Movimento Sindical Classista Internacional, os trabalhadores e os sindicatos militantes de todo o mundo comemoram com lutas o 140\u00ba anivers\u00e1rio da luta oper\u00e1ria em Chicago em 1886. Prestam homenagem ao heroico Primeiro de Maio oper\u00e1rio, s\u00edmbolo da luta incessante da classe trabalhadora contra a barb\u00e1rie capitalista, com novas lutas de classe, determina\u00e7\u00e3o e solidariedade internacionalista.<\/p>\n<p>Por ocasi\u00e3o do Dia Internacional dos Trabalhadores, a Federa\u00e7\u00e3o Sindical Mundial, a organiza\u00e7\u00e3o sindical internacional mais hist\u00f3rica, que representa mais de 105 milh\u00f5es de trabalhadores em todos os cantos do mundo, envia uma mensagem calorosa e combativa a todos os trabalhadores e camponeses, \u00e0s pessoas simples do esfor\u00e7o e do trabalho.<\/p>\n<p>As mensagens e as reivindica\u00e7\u00f5es dos pioneiros de Chicago de 1886 continuam atuais e necess\u00e1rias hoje em dia. A crise do capitalismo se agrava e se generaliza. As desigualdades sociais se ampliam dramaticamente. As liberdades democr\u00e1ticas e os direitos sindicais est\u00e3o sendo atacados em todo o mundo, enquanto as guerras imperialistas e as interven\u00e7\u00f5es est\u00e3o na ordem do dia.<\/p>\n<p>Os acontecimentos internacionais confirmam que as rivalidades geopol\u00edticas e econ\u00f4micas mundiais continuam amea\u00e7ando diretamente a paz e a seguran\u00e7a globais, com o risco inclusive de uma cat\u00e1strofe nuclear. As guerras imperialistas, as interven\u00e7\u00f5es, as san\u00e7\u00f5es e os bloqueios continuam e se intensificam.<\/p>\n<p>O genoc\u00eddio dos palestinos em Gaza e a barb\u00e1rie inconceb\u00edvel do Estado israelense, o ataque n\u00e3o provocado e assassino dos EUA e de Israel contra o Ir\u00e3, a invas\u00e3o da Venezuela e o sequestro do presidente leg\u00edtimo do pa\u00eds, as amea\u00e7as terroristas contra Cuba socialista e a tentativa de estrangular sua economia e seu povo por meio do criminoso bloqueio energ\u00e9tico evidenciaram mais uma vez, em toda a sua dimens\u00e3o, a hipocrisia, o cinismo e o car\u00e1ter desumano do imperialismo.<\/p>\n<p>Os gastos militares aumentam de forma explosiva, enquanto organismos como a OTAN e a Uni\u00e3o Europeia refor\u00e7am a militariza\u00e7\u00e3o e promovem a economia de guerra como uma \u201csa\u00edda para o desenvolvimento\u201d. Ao mesmo tempo, pede-se aos povos que paguem o custo por meio de novas medidas de austeridade, privatiza\u00e7\u00f5es e o desmonte das conquistas sociais.<\/p>\n<p>Ao mesmo tempo, a crise energ\u00e9tica, a infla\u00e7\u00e3o e o aumento do custo de vida continuam reduzindo a renda dos trabalhadores. Os sal\u00e1rios permanecem estagnados, enquanto os lucros das multinacionais e dos gigantes energ\u00e9ticos disparam.<\/p>\n<p>As consequ\u00eancias dessa situa\u00e7\u00e3o afetam ainda mais os grupos mais vulner\u00e1veis da classe trabalhadora. As mulheres trabalhadoras, os jovens e os migrantes enfrentam maior explora\u00e7\u00e3o, sal\u00e1rios mais baixos, maior precariedade laboral e acesso limitado \u00e0 sa\u00fade, \u00e0 educa\u00e7\u00e3o e \u00e0 cultura. S\u00e3o as primeiras v\u00edtimas das pol\u00edticas antioper\u00e1rias e da desregulamenta\u00e7\u00e3o do trabalho, o que as torna especialmente vulner\u00e1veis aos ataques do capital.<\/p>\n<p>Ao mesmo tempo, a sa\u00fade e a seguran\u00e7a nos locais de trabalho se deterioram sistematicamente. As medidas de prote\u00e7\u00e3o s\u00e3o consideradas um \u201ccusto\u201d para o patronato, o que resulta em aumento dos acidentes de trabalho. Todos os dias, trabalhadores s\u00e3o feridos ou perdem a vida em nome do lucro, revelando da forma mais tr\u00e1gica as prioridades do sistema.<\/p>\n<p>A nova era da digitaliza\u00e7\u00e3o e da intelig\u00eancia artificial, em vez de ser aproveitada em benef\u00edcio dos trabalhadores e da sociedade como um todo, \u00e9 utilizada para intensificar o trabalho, vigiar os trabalhadores e ampliar as formas de emprego flex\u00edvel. A inseguran\u00e7a, o trabalho prec\u00e1rio e a desregulamenta\u00e7\u00e3o das rela\u00e7\u00f5es de trabalho se generalizam.<\/p>\n<p>Ao mesmo tempo, intensifica-se a repress\u00e3o estatal e patronal contra as lutas. Sindicalistas s\u00e3o perseguidos, greves s\u00e3o criminalizadas e as liberdades democr\u00e1ticas s\u00e3o restringidas. Migrantes e refugiados s\u00e3o alvo de ataques, s\u00e3o utilizados como m\u00e3o de obra barata e se tornam v\u00edtimas do racismo e da explora\u00e7\u00e3o.<\/p>\n<p>Diante dessa realidade, a resposta da classe trabalhadora n\u00e3o pode ser a submiss\u00e3o.<\/p>\n<p>Exigimos:<\/p>\n<p>Aumentos salariais e acordos coletivos com plenos direitos.<\/p>\n<p>Medidas de prote\u00e7\u00e3o efetiva contra o aumento do custo de vida e a infla\u00e7\u00e3o.<\/p>\n<p>Sa\u00fade, educa\u00e7\u00e3o e seguridade social p\u00fablicas e gratuitas para todos.<\/p>\n<p>Redu\u00e7\u00e3o da jornada de trabalho, emprego fixo com hor\u00e1rio est\u00e1vel, elimina\u00e7\u00e3o das formas de trabalho prec\u00e1rio e prote\u00e7\u00e3o aos trabalhadores nas plataformas digitais.<\/p>\n<p>Medidas de sa\u00fade e seguran\u00e7a em todos os locais de trabalho.<\/p>\n<p>Respeito aos direitos sindicais e \u00e0s liberdades democr\u00e1ticas.<\/p>\n<p>Prote\u00e7\u00e3o dos migrantes e igualdade de direitos para todos os trabalhadores.<\/p>\n<p>Os trabalhadores n\u00e3o t\u00eam nenhum interesse nas guerras e nas rivalidades dos poderosos. Pelo contr\u00e1rio, s\u00f3 t\u00eam a ganhar com a unidade, a solidariedade e a luta comum.<\/p>\n<p>A FSM convoca os sindicatos a rejeitar a concilia\u00e7\u00e3o e a submiss\u00e3o. A fortalecer suas lutas e a organizar a luta em cada local de trabalho, em cada setor, em cada pa\u00eds, contra a barb\u00e1rie do sistema do lucro e da guerra.<\/p>\n<p>A for\u00e7a est\u00e1 na organiza\u00e7\u00e3o. A esperan\u00e7a est\u00e1 na luta.<\/p>\n<p>Em homenagem ao Primeiro de Maio de 2026, convocamos mobiliza\u00e7\u00f5es de luta em todo o mundo com o lema:<\/p>\n<p>Nossas vidas e nossas necessidades ou seus lucros!<\/p>\n<p>\u2013 Nenhum sacrif\u00edcio pelas guerras e pelos lucros do capital!<\/p>\n<p>\u2013 Trabalho com direitos, regulado por acordos coletivos<\/p>\n<p>\u2013 Satisfa\u00e7\u00e3o das necessidades atuais dos trabalhadores<\/p>\n<p>A solidariedade e o internacionalismo s\u00e3o as armas da classe trabalhadora!<\/p>\n<p>Fa\u00e7amos deste Primeiro de Maio um marco de luta e contra-ataque, por um mundo sem guerras imperialistas nem interven\u00e7\u00f5es, sem discrimina\u00e7\u00f5es nem explora\u00e7\u00e3o do homem pelo homem.<\/p>\n<p>VIVA O PRIMEIRO DE MAIO!<\/p>\n<p>VIVA A SOLIDARIEDADE INTERNACIONALISTA!<\/p>\n","protected":false},"excerpt":{"rendered":"<p>O Movimento Sindical Classista Internacional, os trabalhadores e os sindicatos militantes de todo o mundo comemoram com lutas o 140\u00ba anivers\u00e1rio da luta oper\u00e1ria em Chicago em 1886. Prestam homenagem ao heroico Primeiro de Maio oper\u00e1rio, s\u00edmbolo da luta incessante da classe trabalhadora contra a barb\u00e1rie capitalista, com novas lutas de classe, determina\u00e7\u00e3o e solidariedade [&hellip;]<\/p>\n","protected":false},"author":2,"featured_media":12243,"comment_status":"closed","ping_status":"open","sticky":false,"template":"","format":"standard","meta":{"_coblocks_attr":"","_coblocks_dimensions":"","_coblocks_responsive_height":"","_coblocks_accordion_ie_support":"","footnotes":""},"categories":[29,31],"tags":[193,194],"class_list":{"0":"post-12249","1":"post","2":"type-post","3":"status-publish","4":"format-standard","5":"has-post-thumbnail","7":"category-mundo","8":"category-noticias-eventos","9":"tag-declaracion-de-la-fsm","10":"tag-primeiro-de-mayo-2026"},"translation":{"provider":"WPGlobus","version":"3.0.2","language":"pt","enabled_languages":["es","pt"],"languages":{"es":{"title":true,"content":true,"excerpt":false},"pt":{"title":true,"content":true,"excerpt":false}}},"_links":{"self":[{"href":"https:\/\/www.flemacon.org\/pt\/wp-json\/wp\/v2\/posts\/12249","targetHints":{"allow":["GET"]}}],"collection":[{"href":"https:\/\/www.flemacon.org\/pt\/wp-json\/wp\/v2\/posts"}],"about":[{"href":"https:\/\/www.flemacon.org\/pt\/wp-json\/wp\/v2\/types\/post"}],"author":[{"embeddable":true,"href":"https:\/\/www.flemacon.org\/pt\/wp-json\/wp\/v2\/users\/2"}],"replies":[{"embeddable":true,"href":"https:\/\/www.flemacon.org\/pt\/wp-json\/wp\/v2\/comments?post=12249"}],"version-history":[{"count":4,"href":"https:\/\/www.flemacon.org\/pt\/wp-json\/wp\/v2\/posts\/12249\/revisions"}],"predecessor-version":[{"id":12253,"href":"https:\/\/www.flemacon.org\/pt\/wp-json\/wp\/v2\/posts\/12249\/revisions\/12253"}],"wp:featuredmedia":[{"embeddable":true,"href":"https:\/\/www.flemacon.org\/pt\/wp-json\/wp\/v2\/media\/12243"}],"wp:attachment":[{"href":"https:\/\/www.flemacon.org\/pt\/wp-json\/wp\/v2\/media?parent=12249"}],"wp:term":[{"taxonomy":"category","embeddable":true,"href":"https:\/\/www.flemacon.org\/pt\/wp-json\/wp\/v2\/categories?post=12249"},{"taxonomy":"post_tag","embeddable":true,"href":"https:\/\/www.flemacon.org\/pt\/wp-json\/wp\/v2\/tags?post=12249"}],"curies":[{"name":"wp","href":"https:\/\/api.w.org\/{rel}","templated":true}]}}