{"id":12254,"date":"2026-05-01T00:58:10","date_gmt":"2026-05-01T00:58:10","guid":{"rendered":"https:\/\/www.flemacon.org\/?p=12254"},"modified":"2026-05-01T04:09:31","modified_gmt":"2026-05-01T04:09:31","slug":"declaracion-de-la-flemacon-en-primeiro-de-mayo-2026","status":"publish","type":"post","link":"https:\/\/www.flemacon.org\/pt\/2026\/05\/declaracion-de-la-flemacon-en-primeiro-de-mayo-2026\/","title":{"rendered":"Declara\u00e7\u00e3o da FLEMACON no 1\u00ba de Maio"},"content":{"rendered":"<p><img loading=\"lazy\" decoding=\"async\" class=\"alignnone wp-image-12255 size-full\" src=\"https:\/\/www.flemacon.org\/wp-content\/uploads\/2026\/05\/IMG-20260429-WA0115.jpg\" alt=\"\" width=\"1080\" height=\"1350\" srcset=\"https:\/\/www.flemacon.org\/wp-content\/uploads\/2026\/05\/IMG-20260429-WA0115.jpg 1080w, https:\/\/www.flemacon.org\/wp-content\/uploads\/2026\/05\/IMG-20260429-WA0115-240x300.jpg 240w, https:\/\/www.flemacon.org\/wp-content\/uploads\/2026\/05\/IMG-20260429-WA0115-819x1024.jpg 819w, https:\/\/www.flemacon.org\/wp-content\/uploads\/2026\/05\/IMG-20260429-WA0115-768x960.jpg 768w, https:\/\/www.flemacon.org\/wp-content\/uploads\/2026\/05\/IMG-20260429-WA0115-336x420.jpg 336w, https:\/\/www.flemacon.org\/wp-content\/uploads\/2026\/05\/IMG-20260429-WA0115-672x840.jpg 672w, https:\/\/www.flemacon.org\/wp-content\/uploads\/2026\/05\/IMG-20260429-WA0115-150x188.jpg 150w, https:\/\/www.flemacon.org\/wp-content\/uploads\/2026\/05\/IMG-20260429-WA0115-300x375.jpg 300w, https:\/\/www.flemacon.org\/wp-content\/uploads\/2026\/05\/IMG-20260429-WA0115-600x750.jpg 600w, https:\/\/www.flemacon.org\/wp-content\/uploads\/2026\/05\/IMG-20260429-WA0115-696x870.jpg 696w, https:\/\/www.flemacon.org\/wp-content\/uploads\/2026\/05\/IMG-20260429-WA0115-1068x1335.jpg 1068w\" sizes=\"auto, (max-width: 1080px) 100vw, 1080px\" \/><\/p>\n<p><img loading=\"lazy\" decoding=\"async\" class=\"alignnone wp-image-12256 size-full\" src=\"https:\/\/www.flemacon.org\/wp-content\/uploads\/2026\/05\/IMG-20260428-WA0225.jpg\" alt=\"\" width=\"1080\" height=\"1331\" srcset=\"https:\/\/www.flemacon.org\/wp-content\/uploads\/2026\/05\/IMG-20260428-WA0225.jpg 1080w, https:\/\/www.flemacon.org\/wp-content\/uploads\/2026\/05\/IMG-20260428-WA0225-243x300.jpg 243w, https:\/\/www.flemacon.org\/wp-content\/uploads\/2026\/05\/IMG-20260428-WA0225-831x1024.jpg 831w, https:\/\/www.flemacon.org\/wp-content\/uploads\/2026\/05\/IMG-20260428-WA0225-768x946.jpg 768w, https:\/\/www.flemacon.org\/wp-content\/uploads\/2026\/05\/IMG-20260428-WA0225-341x420.jpg 341w, https:\/\/www.flemacon.org\/wp-content\/uploads\/2026\/05\/IMG-20260428-WA0225-682x840.jpg 682w, https:\/\/www.flemacon.org\/wp-content\/uploads\/2026\/05\/IMG-20260428-WA0225-150x185.jpg 150w, https:\/\/www.flemacon.org\/wp-content\/uploads\/2026\/05\/IMG-20260428-WA0225-300x370.jpg 300w, https:\/\/www.flemacon.org\/wp-content\/uploads\/2026\/05\/IMG-20260428-WA0225-600x739.jpg 600w, https:\/\/www.flemacon.org\/wp-content\/uploads\/2026\/05\/IMG-20260428-WA0225-324x400.jpg 324w, https:\/\/www.flemacon.org\/wp-content\/uploads\/2026\/05\/IMG-20260428-WA0225-648x800.jpg 648w, https:\/\/www.flemacon.org\/wp-content\/uploads\/2026\/05\/IMG-20260428-WA0225-696x858.jpg 696w, https:\/\/www.flemacon.org\/wp-content\/uploads\/2026\/05\/IMG-20260428-WA0225-1068x1316.jpg 1068w\" sizes=\"auto, (max-width: 1080px) 100vw, 1080px\" \/><\/p>\n<p><img loading=\"lazy\" decoding=\"async\" class=\"alignnone wp-image-12257 size-full\" src=\"https:\/\/www.flemacon.org\/wp-content\/uploads\/2026\/05\/IMG-20260420-WA0146.jpg\" alt=\"\" width=\"1080\" height=\"1080\" srcset=\"https:\/\/www.flemacon.org\/wp-content\/uploads\/2026\/05\/IMG-20260420-WA0146.jpg 1080w, https:\/\/www.flemacon.org\/wp-content\/uploads\/2026\/05\/IMG-20260420-WA0146-300x300.jpg 300w, https:\/\/www.flemacon.org\/wp-content\/uploads\/2026\/05\/IMG-20260420-WA0146-1024x1024.jpg 1024w, https:\/\/www.flemacon.org\/wp-content\/uploads\/2026\/05\/IMG-20260420-WA0146-150x150.jpg 150w, https:\/\/www.flemacon.org\/wp-content\/uploads\/2026\/05\/IMG-20260420-WA0146-768x768.jpg 768w, https:\/\/www.flemacon.org\/wp-content\/uploads\/2026\/05\/IMG-20260420-WA0146-420x420.jpg 420w, https:\/\/www.flemacon.org\/wp-content\/uploads\/2026\/05\/IMG-20260420-WA0146-840x840.jpg 840w, https:\/\/www.flemacon.org\/wp-content\/uploads\/2026\/05\/IMG-20260420-WA0146-600x600.jpg 600w, https:\/\/www.flemacon.org\/wp-content\/uploads\/2026\/05\/IMG-20260420-WA0146-696x696.jpg 696w, https:\/\/www.flemacon.org\/wp-content\/uploads\/2026\/05\/IMG-20260420-WA0146-1068x1068.jpg 1068w\" sizes=\"auto, (max-width: 1080px) 100vw, 1080px\" \/><\/p>\n<p>A FLEMACON sa\u00fada com firmeza e solidariedade todos os trabalhadores e trabalhadoras da constru\u00e7\u00e3o, da madeira e dos materiais de constru\u00e7\u00e3o da Am\u00e9rica Latina e do Caribe neste Primeiro de Maio. Inspirados pela hist\u00f3rica luta da classe trabalhadora, reafirmamos o papel essencial desses setores na constru\u00e7\u00e3o de nossas sociedades, muitas vezes sob condi\u00e7\u00f5es dif\u00edceis, com baixos sal\u00e1rios e exposi\u00e7\u00e3o constante a riscos. Este dia \u00e9 um momento de mem\u00f3ria, mas sobretudo de mobiliza\u00e7\u00e3o e compromisso com um futuro mais justo.<\/p>\n<p>Diante do aumento do custo de vida, da precariza\u00e7\u00e3o do trabalho e dos ataques aos direitos sociais e sindicais, reiteramos a necessidade de fortalecer a organiza\u00e7\u00e3o sindical e a unidade de classe em toda a regi\u00e3o. Nossos setores seguem sendo duramente impactados por jornadas extenuantes, informalidade e falta de condi\u00e7\u00f5es adequadas de sa\u00fade e seguran\u00e7a. \u00c9 urgente avan\u00e7ar na conquista de sal\u00e1rios dignos, acordos coletivos efetivos e condi\u00e7\u00f5es de trabalho que respeitem a vida e a dignidade dos trabalhadores.<\/p>\n<p>Neste Primeiro de Maio, a FLEMACON convoca todos os trabalhadores e trabalhadoras a intensificar a luta, fortalecer a solidariedade internacionalista e resistir a todas as formas de explora\u00e7\u00e3o. Acreditamos que somente com organiza\u00e7\u00e3o, consci\u00eancia e a\u00e7\u00e3o coletiva ser\u00e1 poss\u00edvel transformar a realidade e garantir direitos para todos.<\/p>\n<p>Viva a luta da classe trabalhadora!<\/p>\n<p>Viva o Primeiro de Maio!<\/p>\n","protected":false},"excerpt":{"rendered":"<p>A FLEMACON sa\u00fada com firmeza e solidariedade todos os trabalhadores e trabalhadoras da constru\u00e7\u00e3o, da madeira e dos materiais de constru\u00e7\u00e3o da Am\u00e9rica Latina e do Caribe neste Primeiro de Maio. Inspirados pela hist\u00f3rica luta da classe trabalhadora, reafirmamos o papel essencial desses setores na constru\u00e7\u00e3o de nossas sociedades, muitas vezes sob condi\u00e7\u00f5es dif\u00edceis, com [&hellip;]<\/p>\n","protected":false},"author":2,"featured_media":12258,"comment_status":"closed","ping_status":"open","sticky":false,"template":"","format":"standard","meta":{"_coblocks_attr":"","_coblocks_dimensions":"","_coblocks_responsive_height":"","_coblocks_accordion_ie_support":"","footnotes":""},"categories":[28,31],"tags":[195,45,194],"class_list":{"0":"post-12254","1":"post","2":"type-post","3":"status-publish","4":"format-standard","5":"has-post-thumbnail","7":"category-america-latina","8":"category-noticias-eventos","9":"tag-declaracion-de-la-flemacon","10":"tag-flemacon","11":"tag-primeiro-de-mayo-2026"},"translation":{"provider":"WPGlobus","version":"3.0.2","language":"pt","enabled_languages":["es","pt"],"languages":{"es":{"title":true,"content":true,"excerpt":false},"pt":{"title":true,"content":true,"excerpt":false}}},"_links":{"self":[{"href":"https:\/\/www.flemacon.org\/pt\/wp-json\/wp\/v2\/posts\/12254","targetHints":{"allow":["GET"]}}],"collection":[{"href":"https:\/\/www.flemacon.org\/pt\/wp-json\/wp\/v2\/posts"}],"about":[{"href":"https:\/\/www.flemacon.org\/pt\/wp-json\/wp\/v2\/types\/post"}],"author":[{"embeddable":true,"href":"https:\/\/www.flemacon.org\/pt\/wp-json\/wp\/v2\/users\/2"}],"replies":[{"embeddable":true,"href":"https:\/\/www.flemacon.org\/pt\/wp-json\/wp\/v2\/comments?post=12254"}],"version-history":[{"count":6,"href":"https:\/\/www.flemacon.org\/pt\/wp-json\/wp\/v2\/posts\/12254\/revisions"}],"predecessor-version":[{"id":12264,"href":"https:\/\/www.flemacon.org\/pt\/wp-json\/wp\/v2\/posts\/12254\/revisions\/12264"}],"wp:featuredmedia":[{"embeddable":true,"href":"https:\/\/www.flemacon.org\/pt\/wp-json\/wp\/v2\/media\/12258"}],"wp:attachment":[{"href":"https:\/\/www.flemacon.org\/pt\/wp-json\/wp\/v2\/media?parent=12254"}],"wp:term":[{"taxonomy":"category","embeddable":true,"href":"https:\/\/www.flemacon.org\/pt\/wp-json\/wp\/v2\/categories?post=12254"},{"taxonomy":"post_tag","embeddable":true,"href":"https:\/\/www.flemacon.org\/pt\/wp-json\/wp\/v2\/tags?post=12254"}],"curies":[{"name":"wp","href":"https:\/\/api.w.org\/{rel}","templated":true}]}}