{"id":3775,"date":"2021-02-02T01:02:42","date_gmt":"2021-02-02T01:02:42","guid":{"rendered":"https:\/\/www.flemacon.org\/?p=3775"},"modified":"2021-02-03T02:29:08","modified_gmt":"2021-02-03T02:29:08","slug":"a-flemacon-na-historia","status":"publish","type":"post","link":"https:\/\/www.flemacon.org\/pt\/2021\/02\/a-flemacon-na-historia\/","title":{"rendered":"A FLEMACON na Hist\u00f3ria"},"content":{"rendered":"<figure id=\"attachment_3714\" aria-describedby=\"caption-attachment-3714\" style=\"width: 286px\" class=\"wp-caption aligncenter\"><img loading=\"lazy\" decoding=\"async\" class=\"wp-image-3714 size-medium\" src=\"https:\/\/www.flemacon.org\/wp-content\/uploads\/2021\/02\/fotos-ivo-conde-pedro-fernandes-flemacon-286x300.jpg\" alt=\"\" width=\"286\" height=\"300\" srcset=\"https:\/\/www.flemacon.org\/wp-content\/uploads\/2021\/02\/fotos-ivo-conde-pedro-fernandes-flemacon-286x300.jpg 286w, https:\/\/www.flemacon.org\/wp-content\/uploads\/2021\/02\/fotos-ivo-conde-pedro-fernandes-flemacon-696x730.jpg 696w, https:\/\/www.flemacon.org\/wp-content\/uploads\/2021\/02\/fotos-ivo-conde-pedro-fernandes-flemacon-401x420.jpg 401w, https:\/\/www.flemacon.org\/wp-content\/uploads\/2021\/02\/fotos-ivo-conde-pedro-fernandes-flemacon.jpg 766w\" sizes=\"auto, (max-width: 286px) 100vw, 286px\" \/><figcaption id=\"caption-attachment-3714\" class=\"wp-caption-text\">Ivo Conde e Pedro Fernandez participaram da funda\u00e7\u00e3o da FLEMACON<\/figcaption><\/figure>\n<p>No Uruguai, agosto de 1961, iniciou-se o processo de discuss\u00e3o da funda\u00e7\u00e3o da FLEMACON.<\/p>\n<p>A FLEMACON foi formalmente fundada no 1\u00ba Congresso Latino-Americano dos Trabalhadores da Constru\u00e7\u00e3o, Madeira e Materiais de Constru\u00e7\u00e3o e Similares, que foi realizado em Lima, no Peru, nos dias 23, 24 e 25 de outubro de 1970.<\/p>\n<p>Ivo Conde e Pedro Fernandez, da Uni\u00e3o Nacional da Constru\u00e7\u00e3o Civil em Cuba, participaram da funda\u00e7\u00e3o da FLEMACON.<\/p>\n<p>1970, em Lima, Peru, foi realizada a 1\u00aa Confer\u00eancia;<br \/>\n1991, na 2\u00aa Confer\u00eancia Pedro Huilca foi eleito presidente da FLEMACON;<br \/>\n1981, junho, no Panam\u00e1, 3\u00aa Confer\u00eancia;<br \/>\n1986, Lima, 23 a 25 de outubro , 4\u00aa Confer\u00eancia;<br \/>\n1991, S\u00e3o Paulo, Brasil, 23 a 25 de maio, 5\u00aa Confer\u00eancia.<\/p>\n<p>1993, aconteceu o 1\u00ba Congresso da FLEMACON, em 5 e 6 de novembro, em Havana, Cuba. Participantes:<br \/>\nJos\u00e9 Sebasti\u00e3o dos Santos &#8211; presidente, Brasil;<br \/>\nLuis Brito Jimenez &#8211; 1\u00ba Vice-presidente, Cuba;<br \/>\nLuis Fernando Cardona &#8211; 2\u00ba Vice-presidente, Col\u00f4mbia;<br \/>\nJos\u00e9 Luis risco Mmont Alvan \u2013 Secret\u00e1rio Geral, Peru;<br \/>\nJoel Alves de Oliveira \u2013 Secret\u00e1rio Geral Adjunto, Brasil;<br \/>\nAdrian Fuentes Hermosilla \u2013 Chile;<br \/>\nPedro Ross \u2013 Secret\u00e1rio Geral da CTC \u2013 Cuba;<br \/>\nL\u00e1zaro Quintana \u2013 Representa\u00e7\u00e3o da FSM para Am\u00e9rica Latina.<\/p>\n<p>Foi discutida e analisada a situa\u00e7\u00e3o pol\u00edtica da Am\u00e9rica Latina e Caribe; os problemas impostos aos trabalhadores (as); as pol\u00edticas neoliberais implantadas na regi\u00e3o; e\u00a0a d\u00edvida externa internacional.<\/p>\n<p>2006, Bogot\u00e1, Col\u00f4mbia, de 21 a 24 de junho, foi realizado o 2\u00ba Congresso da FLEMACON.<\/p>\n<p><img loading=\"lazy\" decoding=\"async\" class=\"alignleft size-medium wp-image-3717\" src=\"https:\/\/www.flemacon.org\/wp-content\/uploads\/2021\/02\/foto-eleicao-lucia-cuba-flemacon-300x225.jpg\" alt=\"\" width=\"300\" height=\"225\" srcset=\"https:\/\/www.flemacon.org\/wp-content\/uploads\/2021\/02\/foto-eleicao-lucia-cuba-flemacon-300x225.jpg 300w, https:\/\/www.flemacon.org\/wp-content\/uploads\/2021\/02\/foto-eleicao-lucia-cuba-flemacon-560x420.jpg 560w, https:\/\/www.flemacon.org\/wp-content\/uploads\/2021\/02\/foto-eleicao-lucia-cuba-flemacon-80x60.jpg 80w, https:\/\/www.flemacon.org\/wp-content\/uploads\/2021\/02\/foto-eleicao-lucia-cuba-flemacon-265x198.jpg 265w, https:\/\/www.flemacon.org\/wp-content\/uploads\/2021\/02\/foto-eleicao-lucia-cuba-flemacon.jpg 640w\" sizes=\"auto, (max-width: 300px) 100vw, 300px\" \/>2011, em Confer\u00eancia realizada em Havana, Cuba, foi eleita nova dire\u00e7\u00e3o da FLEMACON, com a seguinte composi\u00e7\u00e3o:<\/p>\n<p>Presidente: L\u00facia Costa Maia (Brasil)<br \/>\nVice-presidente: Pedro Mesquita Fortes (Brasil)<br \/>\nVice-presidente: Antonio Carlos de Dios Oquendo (Cuba)<br \/>\nSecret\u00e1rio Geral: Otoniel Ram\u00edrez (Col\u00f4mbia)<\/p>\n<p><img loading=\"lazy\" decoding=\"async\" class=\"size-medium wp-image-3706 alignleft\" src=\"https:\/\/www.flemacon.org\/wp-content\/uploads\/2021\/02\/foto-lucia-ubm-flemacon-215x300.jpg\" alt=\"\" width=\"215\" height=\"300\" srcset=\"https:\/\/www.flemacon.org\/wp-content\/uploads\/2021\/02\/foto-lucia-ubm-flemacon-215x300.jpg 215w, https:\/\/www.flemacon.org\/wp-content\/uploads\/2021\/02\/foto-lucia-ubm-flemacon.jpg 299w\" sizes=\"auto, (max-width: 215px) 100vw, 215px\" \/>Assumiu a presid\u00eancia da FLEMACON a dirigente sindical L\u00facia Maia, brasileira, diretora de Assuntos<br \/>\nInternacionais da FETRACOM-BA (atualmente FETRACOM-BASE) e Secret\u00e1ria Geral do SINTRACOM-BA, Bahia, Brasil.<\/p>\n<p>Em julho\/2011, a presidente da FLEMACON, L\u00facia Maia, foi<br \/>\nhomenageada pela C\u00e2mara Municipal de Salvador, com o<br \/>\nPr\u00eamio Edial\u00eada Salgado, que premiou mulheres trabalhadoras que se destacaram em \u00e1reas de<br \/>\ntrabalho historicamente masculinas.<\/p>\n<p>Desde ent\u00e3o a FLEMACON participa ativamente de a\u00e7\u00f5es nacionais, continentais e internacionais em defesa dos<br \/>\ntrabalhadores e trabalhadoras da constru\u00e7\u00e3o; da classe trabalhadora; em defesa da democracia; e contra a<br \/>\ninterven\u00e7\u00e3o dos imperialistas estadunidenses na pol\u00edtica e economia dos pa\u00edses pobres e em desenvolvimento.<\/p>\n<p>Em junho de 2011, no Congresso da Federa\u00e7\u00e3o dos<br \/>\nTrabalhadores da Constru\u00e7\u00e3o do Peru, lan\u00e7ou o primeiro Jornal da FLEMACON, impresso em formato berliner, bil\u00edngue. Desde ent\u00e3o j\u00e1 publicou 24 jornais, em portugu\u00eas do Brasil e espanhol, os dois \u00faltimos em m\u00eddia digital.<\/p>\n<p>Em 2011, tamb\u00e9m, publicou o site da entidade na internet<br \/>\nwww.flemacon.org e, desde ent\u00e3o participa ativamente<br \/>\nda rede social facebook.<\/p>\n<p>03\/05\/2013 \u2013 A presidente da FLEMACON, L\u00facia Maia, recebeu a Medalha de M\u00e9rito &#8220;Armando Mestre Martinez&#8221;, pela contribui\u00e7\u00e3o para o desenvolvimento profissional na Am\u00e9rica Latina, outorgada pelo Governo de Cuba, atrav\u00e9s do Sindicato Nacional de Trabalhadores da Constru\u00e7\u00e3o \u2013 SNTC. Recebeu tamb\u00e9m Diploma do SNTC.<\/p>\n<p><img loading=\"lazy\" decoding=\"async\" class=\"size-medium wp-image-3695 alignleft\" src=\"https:\/\/www.flemacon.org\/wp-content\/uploads\/2021\/02\/foto-busdoor-2014-cuba-bahia-brasil-300x210.jpg\" alt=\"\" width=\"300\" height=\"210\" srcset=\"https:\/\/www.flemacon.org\/wp-content\/uploads\/2021\/02\/foto-busdoor-2014-cuba-bahia-brasil-300x210.jpg 300w, https:\/\/www.flemacon.org\/wp-content\/uploads\/2021\/02\/foto-busdoor-2014-cuba-bahia-brasil-1024x717.jpg 1024w, https:\/\/www.flemacon.org\/wp-content\/uploads\/2021\/02\/foto-busdoor-2014-cuba-bahia-brasil-768x538.jpg 768w, https:\/\/www.flemacon.org\/wp-content\/uploads\/2021\/02\/foto-busdoor-2014-cuba-bahia-brasil-696x487.jpg 696w, https:\/\/www.flemacon.org\/wp-content\/uploads\/2021\/02\/foto-busdoor-2014-cuba-bahia-brasil-1068x748.jpg 1068w, https:\/\/www.flemacon.org\/wp-content\/uploads\/2021\/02\/foto-busdoor-2014-cuba-bahia-brasil-600x420.jpg 600w, https:\/\/www.flemacon.org\/wp-content\/uploads\/2021\/02\/foto-busdoor-2014-cuba-bahia-brasil-100x70.jpg 100w, https:\/\/www.flemacon.org\/wp-content\/uploads\/2021\/02\/foto-busdoor-2014-cuba-bahia-brasil.jpg 1500w\" sizes=\"auto, (max-width: 300px) 100vw, 300px\" \/>2014, paralelamente aos jogos da Copa do Mundo, a FLEMACON, juntamente com o SINTRACOM-BA, FETRACOM-BA, CebraPaz e Associa\u00e7\u00e3o Cultural Jos\u00e9 Mart\u00ed fizeram circular 10 pian\u00e9is \u201cbusdoor\u201d na traseira de \u00f4nibus, em Salvador, Bahia, Brasil, no percurso dos hot\u00e9is e est\u00e1dios de futebol, onde os jogos da Copa estavam acontecendo.<\/p>\n<p><img loading=\"lazy\" decoding=\"async\" class=\"size-medium wp-image-3698 alignleft\" src=\"https:\/\/www.flemacon.org\/wp-content\/uploads\/2021\/02\/foto-consulado-cuba-bahia-brasil-300x200.jpg\" alt=\"\" width=\"300\" height=\"200\" srcset=\"https:\/\/www.flemacon.org\/wp-content\/uploads\/2021\/02\/foto-consulado-cuba-bahia-brasil-300x200.jpg 300w, https:\/\/www.flemacon.org\/wp-content\/uploads\/2021\/02\/foto-consulado-cuba-bahia-brasil-768x513.jpg 768w, https:\/\/www.flemacon.org\/wp-content\/uploads\/2021\/02\/foto-consulado-cuba-bahia-brasil-696x465.jpg 696w, https:\/\/www.flemacon.org\/wp-content\/uploads\/2021\/02\/foto-consulado-cuba-bahia-brasil-629x420.jpg 629w, https:\/\/www.flemacon.org\/wp-content\/uploads\/2021\/02\/foto-consulado-cuba-bahia-brasil.jpg 958w\" sizes=\"auto, (max-width: 300px) 100vw, 300px\" \/><\/p>\n<p><img loading=\"lazy\" decoding=\"async\" class=\"size-medium wp-image-3694 alignleft\" src=\"https:\/\/www.flemacon.org\/wp-content\/uploads\/2021\/02\/foto-assemb-legislativa-flemacon-300x294.jpg\" alt=\"\" width=\"300\" height=\"294\" srcset=\"https:\/\/www.flemacon.org\/wp-content\/uploads\/2021\/02\/foto-assemb-legislativa-flemacon-300x294.jpg 300w, https:\/\/www.flemacon.org\/wp-content\/uploads\/2021\/02\/foto-assemb-legislativa-flemacon-768x752.jpg 768w, https:\/\/www.flemacon.org\/wp-content\/uploads\/2021\/02\/foto-assemb-legislativa-flemacon-696x681.jpg 696w, https:\/\/www.flemacon.org\/wp-content\/uploads\/2021\/02\/foto-assemb-legislativa-flemacon-429x420.jpg 429w, https:\/\/www.flemacon.org\/wp-content\/uploads\/2021\/02\/foto-assemb-legislativa-flemacon.jpg 958w\" sizes=\"auto, (max-width: 300px) 100vw, 300px\" \/><\/p>\n<p>O site da FLEMACON ficou fora do ar por dois anos e volta a ser publicado, a partir de 1\u00ba de fevereiro de 2021, agora com a colabora\u00e7\u00e3o da UITBB.<\/p>\n","protected":false},"excerpt":{"rendered":"<p>No Uruguai, agosto de 1961, iniciou-se o processo de discuss\u00e3o da funda\u00e7\u00e3o da FLEMACON. A FLEMACON foi formalmente fundada no 1\u00ba Congresso Latino-Americano dos Trabalhadores da Constru\u00e7\u00e3o, Madeira e Materiais de Constru\u00e7\u00e3o e Similares, que foi realizado em Lima, no Peru, nos dias 23, 24 e 25 de outubro de 1970. Ivo Conde e Pedro [&hellip;]<\/p>\n","protected":false},"author":2,"featured_media":3702,"comment_status":"open","ping_status":"open","sticky":false,"template":"","format":"standard","meta":{"_coblocks_attr":"","_coblocks_dimensions":"","_coblocks_responsive_height":"","_coblocks_accordion_ie_support":"","footnotes":""},"categories":[25],"tags":[],"class_list":{"0":"post-3775","1":"post","2":"type-post","3":"status-publish","4":"format-standard","5":"has-post-thumbnail","7":"category-historia"},"translation":{"provider":"WPGlobus","version":"3.0.2","language":"pt","enabled_languages":["es","pt"],"languages":{"es":{"title":true,"content":true,"excerpt":false},"pt":{"title":true,"content":true,"excerpt":false}}},"_links":{"self":[{"href":"https:\/\/www.flemacon.org\/pt\/wp-json\/wp\/v2\/posts\/3775","targetHints":{"allow":["GET"]}}],"collection":[{"href":"https:\/\/www.flemacon.org\/pt\/wp-json\/wp\/v2\/posts"}],"about":[{"href":"https:\/\/www.flemacon.org\/pt\/wp-json\/wp\/v2\/types\/post"}],"author":[{"embeddable":true,"href":"https:\/\/www.flemacon.org\/pt\/wp-json\/wp\/v2\/users\/2"}],"replies":[{"embeddable":true,"href":"https:\/\/www.flemacon.org\/pt\/wp-json\/wp\/v2\/comments?post=3775"}],"version-history":[{"count":7,"href":"https:\/\/www.flemacon.org\/pt\/wp-json\/wp\/v2\/posts\/3775\/revisions"}],"predecessor-version":[{"id":10506,"href":"https:\/\/www.flemacon.org\/pt\/wp-json\/wp\/v2\/posts\/3775\/revisions\/10506"}],"wp:featuredmedia":[{"embeddable":true,"href":"https:\/\/www.flemacon.org\/pt\/wp-json\/wp\/v2\/media\/3702"}],"wp:attachment":[{"href":"https:\/\/www.flemacon.org\/pt\/wp-json\/wp\/v2\/media?parent=3775"}],"wp:term":[{"taxonomy":"category","embeddable":true,"href":"https:\/\/www.flemacon.org\/pt\/wp-json\/wp\/v2\/categories?post=3775"},{"taxonomy":"post_tag","embeddable":true,"href":"https:\/\/www.flemacon.org\/pt\/wp-json\/wp\/v2\/tags?post=3775"}],"curies":[{"name":"wp","href":"https:\/\/api.w.org\/{rel}","templated":true}]}}