{"id":3809,"date":"2021-02-02T11:52:31","date_gmt":"2021-02-02T11:52:31","guid":{"rendered":"https:\/\/www.flemacon.org\/?p=3809"},"modified":"2025-07-15T10:30:00","modified_gmt":"2025-07-15T10:30:00","slug":"veja-as-entidades-filiadas-nos-paises","status":"publish","type":"post","link":"https:\/\/www.flemacon.org\/pt\/2021\/02\/veja-as-entidades-filiadas-nos-paises\/","title":{"rendered":"Veja as entidades filiadas nos pa\u00edses"},"content":{"rendered":"<p><strong>Brasil:<\/strong><\/p>\n<p><img loading=\"lazy\" decoding=\"async\" class=\"alignnone size-full wp-image-3873\" src=\"https:\/\/www.flemacon.org\/wp-content\/uploads\/2021\/02\/1-sindmarceneiros-brasil.jpg\" alt=\"\" width=\"210\" height=\"187\" \/><\/p>\n<figure id=\"attachment_3810\" aria-describedby=\"caption-attachment-3810\" style=\"width: 300px\" class=\"wp-caption alignnone\"><img loading=\"lazy\" decoding=\"async\" class=\"wp-image-3810 \" src=\"https:\/\/www.flemacon.org\/wp-content\/uploads\/2021\/02\/fetracombase-brasil-300x76.jpg\" alt=\"\" width=\"300\" height=\"76\" srcset=\"https:\/\/www.flemacon.org\/wp-content\/uploads\/2021\/02\/fetracombase-brasil-300x76.jpg 300w, https:\/\/www.flemacon.org\/wp-content\/uploads\/2021\/02\/fetracombase-brasil.jpg 442w\" sizes=\"auto, (max-width: 300px) 100vw, 300px\" \/><figcaption id=\"caption-attachment-3810\" class=\"wp-caption-text\">E ENTIDADES FILIADAS listadas abaixo:<\/figcaption><\/figure>\n<div class=\"titulo\">\n<div class=\"right\"><img loading=\"lazy\" decoding=\"async\" class=\"wp-image-3813 alignnone\" src=\"https:\/\/www.flemacon.org\/wp-content\/uploads\/2021\/02\/sintracom-brasil.jpg\" alt=\"\" width=\"227\" height=\"217\" \/><\/div>\n<\/div>\n<div><img loading=\"lazy\" decoding=\"async\" class=\"alignnone wp-image-3874\" src=\"https:\/\/www.flemacon.org\/wp-content\/uploads\/2021\/02\/1-sintracomsaj-brasil-300x283.jpg\" alt=\"\" width=\"223\" height=\"210\" srcset=\"https:\/\/www.flemacon.org\/wp-content\/uploads\/2021\/02\/1-sintracomsaj-brasil-300x283.jpg 300w, https:\/\/www.flemacon.org\/wp-content\/uploads\/2021\/02\/1-sintracomsaj-brasil-445x420.jpg 445w, https:\/\/www.flemacon.org\/wp-content\/uploads\/2021\/02\/1-sintracomsaj-brasil.jpg 469w\" sizes=\"auto, (max-width: 223px) 100vw, 223px\" \/><\/div>\n<div>&#8211; Sindicato dos Trabalhadores na Ind\u00fastria da Constru\u00e7\u00e3o Civil do Estado de Sergipe \u2013 SINTRACON- SE<\/div>\n<div>\n<p>&nbsp;<\/p>\n<p>&#8211; Sindicato dos Trabalhadores na Ind\u00fastria da Constru\u00e7\u00e3o Civil de Itabuna \u2013 SINTRACOM\/ ITABUNA<\/p>\n<p>&#8211; Sindicato dos Trabalhadores na Ind\u00fastria da Constru\u00e7\u00e3o Civil de Juazeiro \u2013 STICC<\/p>\n<p>&#8211; Sindicato dos Trabalhadores na Ind\u00fastria da Constru\u00e7\u00e3o Civil de Santo Amaro \u2013 SINTRACISA<\/p>\n<p>&#8211; Sindicato dos Trabalhadores na Ind\u00fastria da Constru\u00e7\u00e3o Civil, Terraplenagem, Estradas, Pontes, Artefatos de Cimento, Pedreiras, Extra\u00e7\u00e3o e Beneficiamento de Granitos e M\u00e1rmores, Siderurgias, Met\u00e1licas e Montagens Ind\u00fastrias do Extremo Sul da Bahia \u2013 SINTICESB<\/p>\n<p>&#8211; Sindicato dos Trabalhadores Empregados nas Ind\u00fastrias da Constru\u00e7\u00e3o Civil, Mobili\u00e1rio, Madereira e Assemelhados do Oeste da Bahia \u2013 SINDIOESTE<\/p>\n<p>&#8211; Sindicato dos Trabalhadores na Ind\u00fastria da Constru\u00e7\u00e3o Civil e do Mobili\u00e1rio de Santo Ant\u00f4nio de Jesus \u2013 SINTRACOMSAJ<\/p>\n<p>&#8211; Sindicato dos Trabalhadores na Ind\u00fastria da Constru\u00e7\u00e3o e da Madeira de Ilh\u00e9us \u2013 SINTRICOM<\/p>\n<p>&#8211; Sindicato dos Trabalhadores na Ind\u00fastria da Constru\u00e7\u00e3o e da Madeira de Serrinha e Teofilandia \u2013 SINTRACOMA<\/p>\n<p>&#8211; Sindicato dos Trabalhadores na Ind\u00fastria da Constru\u00e7\u00e3o e da Madeira de Canavieiras \u2013 STICC<\/p>\n<p>&#8211; Sindicato dos Trabalhadores na Ind\u00fastria da Constru\u00e7\u00e3o e da Madeira de Feira de Santana \u2013 STCCMFS<\/p>\n<p>&#8211; Sindicato dos Trabalhadores na Ind\u00fastria da Constru\u00e7\u00e3o e da Madeira de Vit\u00f3ria da Conquista \u2013 SINTRACOMVC<\/p>\n<p>&#8211; Sindicato dos Trabalhadores na Ind\u00fastria de Ladrilhos Hidr\u00e1ulicos, Produtos de Cimento Armado, Olaria e Cer\u00e2mica para Constru\u00e7\u00e3o da Cidade de Salvador \u2013 SINDLADRILHOS<\/p>\n<p>&#8211; Sindicato dos Trabalhadores na Ind\u00fastria da Constru\u00e7\u00e3o e da Madeira no Vale do Rio de Contas \u2013 SIND`RIO<\/p>\n<p>&#8211; Sindicato dos Trabalhadores nas Ind\u00fastrias de Extra\u00e7\u00e3o de M\u00e1rmores, Calc\u00e1rios, Granitos e Pedreiras no Estados da Bahia \u2013 SINDIPEDRA\/BA<\/p>\n<p>&#8211; Sindicato dos Trabalhadores na Ind\u00fastria da Constru\u00e7\u00e3o Civil e da Madeira de Eun\u00e1polis e Cidades Circunvizinhas \u2013 SITTICOM<\/p>\n<p>&#8211; Sindicato dos Trabalhadores na Ind\u00fastria da Constru\u00e7\u00e3o Civil e do Mobili\u00e1rio da Regi\u00e3o do Sudoeste da Bahia \u2013 SINTRACOM-SUDOESTE<\/p>\n<\/div>\n<p><strong>Venezuela:<\/strong><\/p>\n<p><img loading=\"lazy\" decoding=\"async\" class=\"alignnone wp-image-3811\" src=\"https:\/\/www.flemacon.org\/wp-content\/uploads\/2021\/02\/cbst-venezuela.jpg\" alt=\"\" width=\"279\" height=\"279\" srcset=\"https:\/\/www.flemacon.org\/wp-content\/uploads\/2021\/02\/cbst-venezuela.jpg 225w, https:\/\/www.flemacon.org\/wp-content\/uploads\/2021\/02\/cbst-venezuela-150x150.jpg 150w\" sizes=\"auto, (max-width: 279px) 100vw, 279px\" \/><\/p>\n<p><img loading=\"lazy\" decoding=\"async\" class=\"alignnone wp-image-3872\" src=\"https:\/\/www.flemacon.org\/wp-content\/uploads\/2021\/02\/1-funtbcac-venezuela-296x300.jpg\" alt=\"\" width=\"280\" height=\"284\" srcset=\"https:\/\/www.flemacon.org\/wp-content\/uploads\/2021\/02\/1-funtbcac-venezuela-296x300.jpg 296w, https:\/\/www.flemacon.org\/wp-content\/uploads\/2021\/02\/1-funtbcac-venezuela.jpg 378w\" sizes=\"auto, (max-width: 280px) 100vw, 280px\" \/><\/p>\n<p><strong>Uruguai:<\/strong><\/p>\n<p><img loading=\"lazy\" decoding=\"async\" class=\"alignnone wp-image-3828\" src=\"https:\/\/www.flemacon.org\/wp-content\/uploads\/2021\/02\/sunca-uruguai-300x250.jpg\" alt=\"\" width=\"287\" height=\"239\" srcset=\"https:\/\/www.flemacon.org\/wp-content\/uploads\/2021\/02\/sunca-uruguai-300x250.jpg 300w, https:\/\/www.flemacon.org\/wp-content\/uploads\/2021\/02\/sunca-uruguai.jpg 436w\" sizes=\"auto, (max-width: 287px) 100vw, 287px\" \/><\/p>\n<p><strong>Col\u00f4mbia:<\/strong><\/p>\n<p><img loading=\"lazy\" decoding=\"async\" class=\"alignnone wp-image-3821\" src=\"https:\/\/www.flemacon.org\/wp-content\/uploads\/2021\/02\/sutimac-colombia-300x300.jpg\" alt=\"\" width=\"268\" height=\"268\" srcset=\"https:\/\/www.flemacon.org\/wp-content\/uploads\/2021\/02\/sutimac-colombia-300x300.jpg 300w, https:\/\/www.flemacon.org\/wp-content\/uploads\/2021\/02\/sutimac-colombia-150x150.jpg 150w, https:\/\/www.flemacon.org\/wp-content\/uploads\/2021\/02\/sutimac-colombia.jpg 395w\" sizes=\"auto, (max-width: 268px) 100vw, 268px\" \/><\/p>\n<p><strong>Per\u00fa:<\/strong><\/p>\n<p><img loading=\"lazy\" decoding=\"async\" class=\"alignnone wp-image-3822\" src=\"https:\/\/www.flemacon.org\/wp-content\/uploads\/2021\/02\/ftccp-peru-300x300.jpg\" alt=\"\" width=\"284\" height=\"284\" srcset=\"https:\/\/www.flemacon.org\/wp-content\/uploads\/2021\/02\/ftccp-peru-300x300.jpg 300w, https:\/\/www.flemacon.org\/wp-content\/uploads\/2021\/02\/ftccp-peru-150x150.jpg 150w, https:\/\/www.flemacon.org\/wp-content\/uploads\/2021\/02\/ftccp-peru.jpg 400w\" sizes=\"auto, (max-width: 284px) 100vw, 284px\" \/><\/p>\n<p><strong>Cuba:<\/strong><\/p>\n<p><img loading=\"lazy\" decoding=\"async\" class=\"alignnone wp-image-3826\" src=\"https:\/\/www.flemacon.org\/wp-content\/uploads\/2021\/02\/sntccuba.jpg\" alt=\"\" width=\"116\" height=\"155\" \/><\/p>\n<p><strong>Chile:<\/strong><\/p>\n<p><img loading=\"lazy\" decoding=\"async\" class=\"alignnone wp-image-3829\" src=\"https:\/\/www.flemacon.org\/wp-content\/uploads\/2021\/02\/sintec-chile-300x284.jpg\" alt=\"\" width=\"277\" height=\"262\" srcset=\"https:\/\/www.flemacon.org\/wp-content\/uploads\/2021\/02\/sintec-chile-300x284.jpg 300w, https:\/\/www.flemacon.org\/wp-content\/uploads\/2021\/02\/sintec-chile-443x420.jpg 443w, https:\/\/www.flemacon.org\/wp-content\/uploads\/2021\/02\/sintec-chile.jpg 455w\" sizes=\"auto, (max-width: 277px) 100vw, 277px\" \/><\/p>\n<p><img loading=\"lazy\" decoding=\"async\" class=\"alignnone size-medium wp-image-3830\" src=\"https:\/\/www.flemacon.org\/wp-content\/uploads\/2021\/02\/sinacin-chile-300x300.jpg\" alt=\"\" width=\"300\" height=\"300\" srcset=\"https:\/\/www.flemacon.org\/wp-content\/uploads\/2021\/02\/sinacin-chile-300x300.jpg 300w, https:\/\/www.flemacon.org\/wp-content\/uploads\/2021\/02\/sinacin-chile-150x150.jpg 150w, https:\/\/www.flemacon.org\/wp-content\/uploads\/2021\/02\/sinacin-chile.jpg 359w\" sizes=\"auto, (max-width: 300px) 100vw, 300px\" \/><\/p>\n","protected":false},"excerpt":{"rendered":"<p>Brasil: &#8211; Sindicato dos Trabalhadores na Ind\u00fastria da Constru\u00e7\u00e3o Civil do Estado de Sergipe \u2013 SINTRACON- SE &nbsp; &#8211; Sindicato dos Trabalhadores na Ind\u00fastria da Constru\u00e7\u00e3o Civil de Itabuna \u2013 SINTRACOM\/ ITABUNA &#8211; Sindicato dos Trabalhadores na Ind\u00fastria da Constru\u00e7\u00e3o Civil de Juazeiro \u2013 STICC &#8211; Sindicato dos Trabalhadores na Ind\u00fastria da Constru\u00e7\u00e3o Civil de [&hellip;]<\/p>\n","protected":false},"author":2,"featured_media":3876,"comment_status":"open","ping_status":"open","sticky":false,"template":"","format":"standard","meta":{"_coblocks_attr":"","_coblocks_dimensions":"","_coblocks_responsive_height":"","_coblocks_accordion_ie_support":"","footnotes":""},"categories":[26],"tags":[],"class_list":{"0":"post-3809","1":"post","2":"type-post","3":"status-publish","4":"format-standard","5":"has-post-thumbnail","7":"category-afiliados"},"translation":{"provider":"WPGlobus","version":"3.0.2","language":"pt","enabled_languages":["es","pt"],"languages":{"es":{"title":true,"content":true,"excerpt":false},"pt":{"title":true,"content":true,"excerpt":false}}},"_links":{"self":[{"href":"https:\/\/www.flemacon.org\/pt\/wp-json\/wp\/v2\/posts\/3809","targetHints":{"allow":["GET"]}}],"collection":[{"href":"https:\/\/www.flemacon.org\/pt\/wp-json\/wp\/v2\/posts"}],"about":[{"href":"https:\/\/www.flemacon.org\/pt\/wp-json\/wp\/v2\/types\/post"}],"author":[{"embeddable":true,"href":"https:\/\/www.flemacon.org\/pt\/wp-json\/wp\/v2\/users\/2"}],"replies":[{"embeddable":true,"href":"https:\/\/www.flemacon.org\/pt\/wp-json\/wp\/v2\/comments?post=3809"}],"version-history":[{"count":18,"href":"https:\/\/www.flemacon.org\/pt\/wp-json\/wp\/v2\/posts\/3809\/revisions"}],"predecessor-version":[{"id":11353,"href":"https:\/\/www.flemacon.org\/pt\/wp-json\/wp\/v2\/posts\/3809\/revisions\/11353"}],"wp:featuredmedia":[{"embeddable":true,"href":"https:\/\/www.flemacon.org\/pt\/wp-json\/wp\/v2\/media\/3876"}],"wp:attachment":[{"href":"https:\/\/www.flemacon.org\/pt\/wp-json\/wp\/v2\/media?parent=3809"}],"wp:term":[{"taxonomy":"category","embeddable":true,"href":"https:\/\/www.flemacon.org\/pt\/wp-json\/wp\/v2\/categories?post=3809"},{"taxonomy":"post_tag","embeddable":true,"href":"https:\/\/www.flemacon.org\/pt\/wp-json\/wp\/v2\/tags?post=3809"}],"curies":[{"name":"wp","href":"https:\/\/api.w.org\/{rel}","templated":true}]}}