{"id":3851,"date":"2021-02-02T23:35:10","date_gmt":"2021-02-02T23:35:10","guid":{"rendered":"https:\/\/www.flemacon.org\/?p=3851"},"modified":"2021-02-03T03:32:21","modified_gmt":"2021-02-03T03:32:21","slug":"entre-em-contato-siga-nos-nas-redes-sociais","status":"publish","type":"post","link":"https:\/\/www.flemacon.org\/pt\/2021\/02\/entre-em-contato-siga-nos-nas-redes-sociais\/","title":{"rendered":"Entre em Contato, siga-nos nas Redes Sociais"},"content":{"rendered":"<p>FLEMACON &#8211; Federa\u00e7\u00e3o Latino-Americana dos Trabalhadores da Constru\u00e7\u00e3o, Madeira e Materiais de Constru\u00e7\u00e3o<\/p>\n<p>Contatos:<\/p>\n<p><a href=\"mailto:flemacon.al@gmail.com\"><img loading=\"lazy\" decoding=\"async\" class=\"alignnone wp-image-3856\" src=\"https:\/\/www.flemacon.org\/wp-content\/uploads\/2021\/02\/e-mail.jpg\" alt=\"\" width=\"103\" height=\"70\" srcset=\"https:\/\/www.flemacon.org\/wp-content\/uploads\/2021\/02\/e-mail.jpg 221w, https:\/\/www.flemacon.org\/wp-content\/uploads\/2021\/02\/e-mail-218x150.jpg 218w\" sizes=\"auto, (max-width: 103px) 100vw, 103px\" \/><\/a><\/p>\n<p><a href=\"mailto:flemacon.al@gmail.com\" target=\"_blank\" rel=\"noopener\">flemacon.al@gmail.com<\/a><\/p>\n<p><a href=\"http:\/\/facebook.com\/flemacon.bahia\" target=\"_blank\" rel=\"noopener\"><img loading=\"lazy\" decoding=\"async\" class=\"alignnone wp-image-3857\" src=\"https:\/\/www.flemacon.org\/wp-content\/uploads\/2021\/02\/facebook.jpg\" alt=\"\" width=\"97\" height=\"94\" \/><\/a><\/p>\n<p><a href=\"http:\/\/facebook.com\/flemacon.bahia\" target=\"_blank\" rel=\"noopener\">facebook.com\/flemacon.bahia<\/a><\/p>\n<p><a href=\"https:\/\/twitter.com\/flemacon\" target=\"_blank\" rel=\"noopener\"><img loading=\"lazy\" decoding=\"async\" class=\"alignnone wp-image-3858\" src=\"https:\/\/www.flemacon.org\/wp-content\/uploads\/2021\/02\/twitter.jpg\" alt=\"\" width=\"99\" height=\"80\" \/><\/a><\/p>\n<p><a href=\"https:\/\/twitter.com\/flemacon\" target=\"_blank\" rel=\"noopener\">@flemacon<\/a><\/p>\n","protected":false},"excerpt":{"rendered":"<p>FLEMACON &#8211; Federa\u00e7\u00e3o Latino-Americana dos Trabalhadores da Constru\u00e7\u00e3o, Madeira e Materiais de Constru\u00e7\u00e3o Contatos: flemacon.al@gmail.com facebook.com\/flemacon.bahia @flemacon<\/p>\n","protected":false},"author":2,"featured_media":3860,"comment_status":"open","ping_status":"open","sticky":false,"template":"","format":"standard","meta":{"_coblocks_attr":"","_coblocks_dimensions":"","_coblocks_responsive_height":"","_coblocks_accordion_ie_support":"","footnotes":""},"categories":[27],"tags":[],"class_list":{"0":"post-3851","1":"post","2":"type-post","3":"status-publish","4":"format-standard","5":"has-post-thumbnail","7":"category-contacto"},"translation":{"provider":"WPGlobus","version":"3.0.2","language":"pt","enabled_languages":["es","pt"],"languages":{"es":{"title":true,"content":true,"excerpt":false},"pt":{"title":true,"content":true,"excerpt":false}}},"_links":{"self":[{"href":"https:\/\/www.flemacon.org\/pt\/wp-json\/wp\/v2\/posts\/3851","targetHints":{"allow":["GET"]}}],"collection":[{"href":"https:\/\/www.flemacon.org\/pt\/wp-json\/wp\/v2\/posts"}],"about":[{"href":"https:\/\/www.flemacon.org\/pt\/wp-json\/wp\/v2\/types\/post"}],"author":[{"embeddable":true,"href":"https:\/\/www.flemacon.org\/pt\/wp-json\/wp\/v2\/users\/2"}],"replies":[{"embeddable":true,"href":"https:\/\/www.flemacon.org\/pt\/wp-json\/wp\/v2\/comments?post=3851"}],"version-history":[{"count":7,"href":"https:\/\/www.flemacon.org\/pt\/wp-json\/wp\/v2\/posts\/3851\/revisions"}],"predecessor-version":[{"id":11947,"href":"https:\/\/www.flemacon.org\/pt\/wp-json\/wp\/v2\/posts\/3851\/revisions\/11947"}],"wp:featuredmedia":[{"embeddable":true,"href":"https:\/\/www.flemacon.org\/pt\/wp-json\/wp\/v2\/media\/3860"}],"wp:attachment":[{"href":"https:\/\/www.flemacon.org\/pt\/wp-json\/wp\/v2\/media?parent=3851"}],"wp:term":[{"taxonomy":"category","embeddable":true,"href":"https:\/\/www.flemacon.org\/pt\/wp-json\/wp\/v2\/categories?post=3851"},{"taxonomy":"post_tag","embeddable":true,"href":"https:\/\/www.flemacon.org\/pt\/wp-json\/wp\/v2\/tags?post=3851"}],"curies":[{"name":"wp","href":"https:\/\/api.w.org\/{rel}","templated":true}]}}