{"id":3985,"date":"2021-02-01T22:49:15","date_gmt":"2021-02-01T22:49:15","guid":{"rendered":"https:\/\/www.flemacon.org\/?p=3985"},"modified":"2021-02-16T02:17:27","modified_gmt":"2021-02-16T02:17:27","slug":"resolucao-politica-da-direcao-executiva-da-ctb","status":"publish","type":"post","link":"https:\/\/www.flemacon.org\/pt\/2021\/02\/resolucao-politica-da-direcao-executiva-da-ctb\/","title":{"rendered":"Resolu\u00e7\u00e3o pol\u00edtica da Dire\u00e7\u00e3o Executiva da CTB"},"content":{"rendered":"<figure id=\"attachment_3994\" aria-describedby=\"caption-attachment-3994\" style=\"width: 255px\" class=\"wp-caption alignleft\"><img loading=\"lazy\" decoding=\"async\" class=\"wp-image-3994 \" src=\"https:\/\/www.flemacon.org\/wp-content\/uploads\/2021\/02\/1-adilson-araujo.jpg\" alt=\"\" width=\"255\" height=\"170\" \/><figcaption id=\"caption-attachment-3994\" class=\"wp-caption-text\">Adilson Ara\u00fajo, presidente da CTB<\/figcaption><\/figure>\n<p>Reunida atrav\u00e9s de videoconfer\u00eancia no dia 18 de novembro de 2020 a Dire\u00e7\u00e3o Executiva da CTB (Central dos Trabalhadoras e Trabalhadores do Brasil) aprovou a seguinte resolu\u00e7\u00e3o pol\u00edtica:<\/p>\n<p>1- O ano est\u00e1 chegando ao fim com uma conjuntura ainda perturbada pela crise sanit\u00e1ria e econ\u00f4mica. Em 17 de novembro dados da Organiza\u00e7\u00e3o Mundial da Sa\u00fade indicavam um saldo de mais de 55,6 milh\u00f5es de casos e 1,38 milh\u00e3o de mortes por Covid-19. EUA, Brasil e \u00cdndia, pa\u00edses dominados por l\u00edderes de direita que negligenciaram a doen\u00e7a, lideram o triste ranking internacional de mortes na pandemia.<\/p>\n<p>2- A crise desaguou numa depress\u00e3o econ\u00f4mica global e na devasta\u00e7\u00e3o dos mercados de trabalho. A OIT estima que no segundo trimestre do ano foram ceifados cerca de 400 milh\u00f5es de empregos em todo o mundo. A Am\u00e9rica Latina perdeu 47 milh\u00f5es de postos de trabalho em tempo integral.<\/p>\n<p>3- A classe trabalhadora \u00e9 a principal v\u00edtima tanto da pandemia, \u00e0 qual ficou mais exposta e vulner\u00e1vel, quanto do desemprego em massa e da queda ou mesmo perda total da renda, fen\u00f4menos acompanhados da destrui\u00e7\u00e3o de direitos e precariza\u00e7\u00e3o das rela\u00e7\u00f5es de trabalho.<\/p>\n<p>4- Em meio \u00e0s adversidades e \u00e0 crise \u00e9 preciso destacar algumas not\u00edcias alvissareiras para as for\u00e7as democr\u00e1ticas e progressistas. Na Bol\u00edvia, o MAS (Movimento Ao Socialismo), partido criado por Evo Morales, obteve ampla vit\u00f3ria eleitoral, derrotando e revertendo o golpe de Estado de novembro de 2019, armado pelos EUA e OEA. No Chile o povo aprovou, em plebiscito, a convoca\u00e7\u00e3o de uma Assembleia Nacional Constituinte exclusiva e com composi\u00e7\u00e3o parit\u00e1ria de g\u00eanero. Nos EUA, tivemos a derrota do republicano Donald Trump \u2013 um \u00eddolo de Jair Bolsonaro, que alinhou a pol\u00edtica externa brasileira \u00e0 estrat\u00e9gia imperialista dos EUA, na contram\u00e3o dos interesses nacionais e da pr\u00f3pria Constitui\u00e7\u00e3o. Na Argentina, a C\u00e2mara dos Deputados aprovou projeto de lei instituindo um imposto extraordin\u00e1rio sobre grandes fortunas.<\/p>\n<p>5- Este conjunto de acontecimentos sinaliza o enfraquecimento da onda conservadora que invadiu o continente americano nos \u00faltimos anos e uma prov\u00e1vel mudan\u00e7a na dire\u00e7\u00e3o dos ventos pol\u00edticos. Atesta tamb\u00e9m a fal\u00eancia do neoliberalismo, implantado com pioneirismo no Chile de Pinochet ap\u00f3s o golpe de 1973 e repudiado com vigor pelo povo chileno no plebiscito de 25 de outubro.<\/p>\n<p>6- \u00c9 preciso ficar alerta \u00e0s amea\u00e7as golpistas da direita, que se tornaram recorrentes na Am\u00e9rica Latina neste tempo de radicaliza\u00e7\u00e3o das lutas de classes. Os acontecimentos em curso no Peru, revestidos como no Brasil em 2016 das apar\u00eancias de um processo normal de impeachment, configuram um golpe de Estado. O presidente Mart\u00edn Vizcarra foi afastado e o posto que ocupava usurpado por Manuel Merino, l\u00edder do Congresso e integrante do partido de direita A\u00e7\u00e3o Popular. O golpe parlamentar \u00e9 alvo de protestos populares em v\u00e1rias cidades peruanas.<\/p>\n<p>7- O ano foi tamb\u00e9m marcado pelo acirramento da disputa entre EUA e China pela lideran\u00e7a econ\u00f4mica e geopol\u00edtica do mundo, duelo destinado a ter um papel determinante nos movimentos da diplomacia internacional ao longo das pr\u00f3ximas d\u00e9cadas.<\/p>\n<p>8- Por aqui ocorreu em 15 de novembro o primeiro turno das elei\u00e7\u00f5es municipais, cujo resultado mostra o esvaziamento da bolha bolsonarista que, em 2018, resultou na elei\u00e7\u00e3o de v\u00e1rios governadores e parlamentares, al\u00e9m do pr\u00f3prio presidente, com uma massa apreci\u00e1vel de votos para candidatos da extrema direita. A maioria dos candidatos apoiados por Bolsonaro foi derrotada no pleito, que por outro lado resultou num expressivo avan\u00e7o do DEM e outras legendas de direita e centro-direita abrigadas no chamado Centr\u00e3o. Na esquerda, que no primeiro turno em geral recuou, sobressa\u00edram o sucesso eleitoral de Boulos, que disputar\u00e1 o segundo turno em S\u00e3o Paulo, e Manuela, que concorre pelo comando de Porto Alegre.<\/p>\n<p>9- A derrota de Bolsonaro mostra o crescente descontentamento popular com o rumo obscurantista e reacion\u00e1rio do governo, especialmente nas regi\u00f5es metropolitanas. O comportamento irrespons\u00e1vel e negacionista do l\u00edder da extrema direita frente \u00e0 pandemia do coronav\u00edrus \u00e9 a principal causa das 5,9 milh\u00f5es de infec\u00e7\u00f5es e 166,7 mil mortes por covid-19 registradas no pa\u00eds at\u00e9 o dia 18 de novembro.<\/p>\n<p>10- Outro fato not\u00e1vel do pleito, que merece reflex\u00e3o mais aprofundada, \u00e9 a absten\u00e7\u00e3o que em m\u00e9dia alcan\u00e7ou 23% no pa\u00eds (a maior dos \u00faltimos 20 anos), ultrapassou 29% em S\u00e3o Paulo e chegou a 32% no Rio de Janeiro. A soma de absten\u00e7\u00f5es, votos brancos e nulos supera a vota\u00e7\u00e3o recebida pelo primeiro colocado nas elei\u00e7\u00f5es para prefeito em 483 cidades brasileiras, incluindo 18 capitais. Embora influenciado pela pandemia do coronav\u00edrus, o fen\u00f4meno reflete o desalento e a despolitiza\u00e7\u00e3o massiva no seio do eleitorado brasileiro, al\u00e9m da forte presen\u00e7a e participa\u00e7\u00e3o da mil\u00edcia no processo eleitoral em muitos munic\u00edpios, principalmente cariocas.<\/p>\n<p>11- \u00c0 trag\u00e9dia sanit\u00e1ria soma-se o desastre econ\u00f4mico. Dezenas de milh\u00f5es de brasileiros e brasileiras amargam o desemprego, a subocupa\u00e7\u00e3o, a perda parcial ou total da renda, a precariza\u00e7\u00e3o do trabalho, a destrui\u00e7\u00e3o de direitos, males que cresceram e foram estimulados pela pol\u00edtica econ\u00f4mica do atual governo. Menos de 50% da popula\u00e7\u00e3o em idade ativa t\u00eam ocupa\u00e7\u00e3o.<\/p>\n<p>12- O governo persiste na pol\u00edtica neoliberal de Estado m\u00ednimo, fundada na conten\u00e7\u00e3o dos investimentos p\u00fablicos, privatiza\u00e7\u00e3o e entrega do patrim\u00f4nio do povo aos grandes capitalistas, sobretudo estrangeiros. Ataca o funcionalismo e os servi\u00e7os p\u00fablicos com sua proposta de reforma administrativa. Avan\u00e7a na elabora\u00e7\u00e3o de uma reforma sindical que visa enfraquecer e dividir ainda mais a classe trabalhadora com a imposi\u00e7\u00e3o do pluralismo sindical, iniciativa que infelizmente \u00e9 apoiada por setores do movimento sindical. Quer impor a qualquer pre\u00e7o a chamada carteira verde e amarela, permitindo contrata\u00e7\u00e3o \u00e0 margem da CLT.<\/p>\n<p>13- Sem a ampla mobiliza\u00e7\u00e3o da classe trabalhadora e do conjunto das for\u00e7as democr\u00e1ticas e populares n\u00e3o ser\u00e1 poss\u00edvel evitar novos retrocessos.<\/p>\n<p>14- O car\u00e1ter criminoso da pol\u00edtica governamental manifestou-se n\u00e3o apenas nas mortes pela Covid-19 mas tamb\u00e9m nos dois dolorosos apag\u00f5es verificados no Amap\u00e1 ao longo do m\u00eas de novembro, ambos provocados pela incompet\u00eancia e neglig\u00eancia de uma multinacional. O fato, como os crimes ambientais da Vale em Mariana e Brumadinho, revela os riscos, perigos e preju\u00edzos da pol\u00edtica de privatiza\u00e7\u00f5es, que s\u00f3 interessa aos grandes capitalistas.<\/p>\n<p>15- A Dire\u00e7\u00e3o Executiva da CTB reitera a necessidade de intensificar a resist\u00eancia e a luta contra o governo Bolsonaro, que requer a constru\u00e7\u00e3o de uma ampla frente democr\u00e1tica no pa\u00eds. O momento exige redobrar os esfor\u00e7os de mobiliza\u00e7\u00e3o para a campanha do segundo turno das elei\u00e7\u00f5es municipais e trabalhar pela elei\u00e7\u00e3o de prefeitas\/os (e tamb\u00e9m vereadoras\/es no caso das elei\u00e7\u00f5es no Amap\u00e1, que foram adiadas em fun\u00e7\u00e3o do apag\u00e3o) comprometidas\/os com as causas trabalhistas e de oposi\u00e7\u00e3o ao governo da extrema direita. A dire\u00e7\u00e3o e a milit\u00e2ncia da CTB nos munic\u00edpios em que ocorrer\u00e3o segundo turno devem priorizar esta a\u00e7\u00e3o.<\/p>\n","protected":false},"excerpt":{"rendered":"<p>Reunida atrav\u00e9s de videoconfer\u00eancia no dia 18 de novembro de 2020 a Dire\u00e7\u00e3o Executiva da CTB (Central dos Trabalhadoras e Trabalhadores do Brasil) aprovou a seguinte resolu\u00e7\u00e3o pol\u00edtica: 1- O ano est\u00e1 chegando ao fim com uma conjuntura ainda perturbada pela crise sanit\u00e1ria e econ\u00f4mica. Em 17 de novembro dados da Organiza\u00e7\u00e3o Mundial da Sa\u00fade [&hellip;]<\/p>\n","protected":false},"author":2,"featured_media":3995,"comment_status":"open","ping_status":"open","sticky":false,"template":"","format":"standard","meta":{"_coblocks_attr":"","_coblocks_dimensions":"","_coblocks_responsive_height":"","_coblocks_accordion_ie_support":"","footnotes":""},"categories":[34],"tags":[],"class_list":{"0":"post-3985","1":"post","2":"type-post","3":"status-publish","4":"format-standard","5":"has-post-thumbnail","7":"category-resolucoes"},"translation":{"provider":"WPGlobus","version":"3.0.2","language":"pt","enabled_languages":["es","pt"],"languages":{"es":{"title":true,"content":true,"excerpt":false},"pt":{"title":true,"content":true,"excerpt":false}}},"_links":{"self":[{"href":"https:\/\/www.flemacon.org\/pt\/wp-json\/wp\/v2\/posts\/3985","targetHints":{"allow":["GET"]}}],"collection":[{"href":"https:\/\/www.flemacon.org\/pt\/wp-json\/wp\/v2\/posts"}],"about":[{"href":"https:\/\/www.flemacon.org\/pt\/wp-json\/wp\/v2\/types\/post"}],"author":[{"embeddable":true,"href":"https:\/\/www.flemacon.org\/pt\/wp-json\/wp\/v2\/users\/2"}],"replies":[{"embeddable":true,"href":"https:\/\/www.flemacon.org\/pt\/wp-json\/wp\/v2\/comments?post=3985"}],"version-history":[{"count":6,"href":"https:\/\/www.flemacon.org\/pt\/wp-json\/wp\/v2\/posts\/3985\/revisions"}],"predecessor-version":[{"id":3998,"href":"https:\/\/www.flemacon.org\/pt\/wp-json\/wp\/v2\/posts\/3985\/revisions\/3998"}],"wp:featuredmedia":[{"embeddable":true,"href":"https:\/\/www.flemacon.org\/pt\/wp-json\/wp\/v2\/media\/3995"}],"wp:attachment":[{"href":"https:\/\/www.flemacon.org\/pt\/wp-json\/wp\/v2\/media?parent=3985"}],"wp:term":[{"taxonomy":"category","embeddable":true,"href":"https:\/\/www.flemacon.org\/pt\/wp-json\/wp\/v2\/categories?post=3985"},{"taxonomy":"post_tag","embeddable":true,"href":"https:\/\/www.flemacon.org\/pt\/wp-json\/wp\/v2\/tags?post=3985"}],"curies":[{"name":"wp","href":"https:\/\/api.w.org\/{rel}","templated":true}]}}