{"id":3987,"date":"2021-02-01T23:20:10","date_gmt":"2021-02-01T23:20:10","guid":{"rendered":"https:\/\/www.flemacon.org\/?p=3987"},"modified":"2021-02-16T02:49:12","modified_gmt":"2021-02-16T02:49:12","slug":"fsm-trincheira-internacional-da-luta-dos-trabalhadores","status":"publish","type":"post","link":"https:\/\/www.flemacon.org\/pt\/2021\/02\/fsm-trincheira-internacional-da-luta-dos-trabalhadores\/","title":{"rendered":"FSM  Trincheira internacional da luta dos trabalhadores"},"content":{"rendered":"<div class=\"single-thumbnail-title-wrapper\">\n<p class=\"single-thumbnail-title post-title-color gdl-title\"><strong>Conselho Presidencial anual FSM, 16 de dezembro de 2020<\/strong><\/p>\n<\/div>\n<div class=\"single-content\">\n<p>A reuni\u00e3o do Conselho Presidencial da FSM de 2020 foi conclu\u00edda em 16\/12\/2020, com a ado\u00e7\u00e3o do plano de a\u00e7\u00e3o 2021, novos pedidos de filia\u00e7\u00e3o e resolu\u00e7\u00f5es sobre todas as quest\u00f5es importantes e contempor\u00e2neas de interesse dos trabalhadores.<\/p>\n<p><img loading=\"lazy\" decoding=\"async\" class=\"size-medium wp-image-4000 alignleft\" src=\"https:\/\/www.flemacon.org\/wp-content\/uploads\/2021\/02\/fsm-conselho-george-mavrikos-300x224.jpg\" alt=\"\" width=\"300\" height=\"224\" srcset=\"https:\/\/www.flemacon.org\/wp-content\/uploads\/2021\/02\/fsm-conselho-george-mavrikos-300x224.jpg 300w, https:\/\/www.flemacon.org\/wp-content\/uploads\/2021\/02\/fsm-conselho-george-mavrikos-485x360.jpg 485w, https:\/\/www.flemacon.org\/wp-content\/uploads\/2021\/02\/fsm-conselho-george-mavrikos-562x420.jpg 562w, https:\/\/www.flemacon.org\/wp-content\/uploads\/2021\/02\/fsm-conselho-george-mavrikos-80x60.jpg 80w, https:\/\/www.flemacon.org\/wp-content\/uploads\/2021\/02\/fsm-conselho-george-mavrikos-265x198.jpg 265w, https:\/\/www.flemacon.org\/wp-content\/uploads\/2021\/02\/fsm-conselho-george-mavrikos.jpg 585w\" sizes=\"auto, (max-width: 300px) 100vw, 300px\" \/>No discurso de encerramento do Secret\u00e1rio-Geral,\u00a0George Mavrikos, SECRET\u00c1RIO-GERAL da FSM,\u00a0foi destacada a import\u00e2ncia dos 75 anos de trajet\u00f3ria militante da FSM e a decis\u00e3o de avan\u00e7ar com mais lutas militantes, internacionalismo e solidariedade.<\/p>\n<p>Entre as resolu\u00e7\u00f5es aprovadas, foi dada especial relev\u00e2ncia \u00e0 situa\u00e7\u00e3o atual dos trabalhadores durante a pandemia 19 e a convocat\u00f3ria do Pr\u00eamio Nobel da Paz 2021 para o Contingente Internacional de Sa\u00fade \u201cHenry Reeve\u201d de Cuba<\/p>\n<p>O Conselho Presidencial da FSM de 2020 deu luz verde para o XVIII Congresso Sindical Mundial a ser realizado no pr\u00f3ximo ano.<\/p>\n<\/div>\n<p style=\"font-weight: 400;\"><strong>Princ\u00edpios b\u00e1sicos da FSM: Trincheira internacional da luta dos trabalhadores<\/strong><\/p>\n<p style=\"font-weight: 400;\">A Federa\u00e7\u00e3o Sindical Mundial (WFTU \u2013 Word Federation of Trade Unions) \u00e9 uma organiza\u00e7\u00e3o sindical internacional de orienta\u00e7\u00e3o classista e que luta contra o imperialismo, etapa superior do capitalismo, e por uma sociedade sem explora\u00e7\u00e3o do homem pelo homem. Foi fundada no dia 3 de outubro de 1945, em Paris, onde participaram 56 organiza\u00e7\u00f5es nacionais de 55 pa\u00edses e 20 organiza\u00e7\u00f5es internacionais, representando cerca de 67 milh\u00f5es de trabalhadores. Atualmente, sua sede situa-se em Atenas, Gr\u00e9cia.<\/p>\n<p style=\"font-weight: 400;\">Com o objetivo principal de lutar por um mundo livre de guerras e das injusti\u00e7as sociais, a cria\u00e7\u00e3o da FSM impulsionou os trabalhadores e as for\u00e7as democr\u00e1ticas a lutarem contra o fascismo, contra o capitalismo e contra o colonialismo. Num per\u00edodo p\u00f3s-guerra, era mais que urgente batalhar por \u201cum futuro livre do imperialismo e do colonialismo e em que a liberdade, a paz, a democracia e a prosperidade avan\u00e7ariam pelo bem de toda humanidade\u201d.<\/p>\n<p style=\"font-weight: 400;\">Por ser a organiza\u00e7\u00e3o sindical internacional mais antiga, a FSM possui um importante hist\u00f3rico de lutas contra as pol\u00edticas patronais que, junto aos governos de direita, promovem todo tipo de ataque aos direitos trabalhistas. Assim, a FSM tamb\u00e9m foi, e segue sendo, o principal alvo do capitalismo contra a unidade internacional dos trabalhadores.<\/p>\n<p style=\"font-weight: 400;\">Durante o per\u00edodo da guerra fria, a FSM sofreu um grande golpe partindo de dentro para fora.\u00a0 Algumas posi\u00e7\u00f5es pol\u00edticas adotadas por diferentes centrais sindicais nacionais se tornaram agudas em diversos temas levando a FSM a uma crise contra os oportunistas e defensores da social-democracia e do keynesianismo (sobretudo as centrais da Inglaterra e dos Estados Unidos) que passaram a defender o fim da FSM. Em 1949, encabe\u00e7adas por essas centrais \u00e9 criada a CIOLS \u2013 Confedera\u00e7\u00e3o Internacional de Organiza\u00e7\u00f5es Sindicais Livres, de orienta\u00e7\u00e3o social-democrata, anti-revolucio\u00e1ria e de concilia\u00e7\u00e3o e coopera\u00e7\u00e3o de classes.<\/p>\n<p style=\"font-weight: 400;\">Com a crise do socialismo europeu e o fim da Uni\u00e3o Sovi\u00e9tica, em 1991, novas diverg\u00eancias pol\u00edticas levam algumas centrais, como a CGT francesa, a defender o fim da FSM. Posi\u00e7\u00e3o novamente vencida no 13\u00ba Congresso Sindical Mundial em Damasco, S\u00edria. Os delegados participantes votaram pela unidade classista dos trabalhadores, enterrando qualquer teoria de concilia\u00e7\u00e3o euro-comunista de concilia\u00e7\u00e3o de classes.<\/p>\n<p style=\"font-weight: 400;\">Hoje a FSM conta com 80 milh\u00f5es de membros em 120 pa\u00edses. Possui representantes permanentes nos organismos internacional como ONU, UNESCO, FAO e OIT. Desenvolvendo nesses organismos, uma luta em defesa dos interesses dos trabalhadores se posicionando sempre contra o monop\u00f3lio que existe dentro destas organiza\u00e7\u00f5es.<\/p>\n<p style=\"font-weight: 400;\">A FSM se organiza na forma de Congresso Sindical Mundial, Conselho Presidencial e Secretariado. Al\u00e9m dos escrit\u00f3rios regionais (um para cada continente) e as UIS \u2013 Uni\u00f5es Internacionais Sindicais \u2013 que organiza os trabalhadores por categorias (agroalimentos, bancos e seguradoras, constru\u00e7\u00e3o civil, educa\u00e7\u00e3o, energia, metalurgia-minera\u00e7\u00e3o, servi\u00e7os p\u00fablicos, turismo e hotelaria, e transporte).<\/p>\n<p style=\"font-style: inherit; font-weight: inherit;\">De 6 a 9 de abril de 2011, foi realizado o 16\u00ba Congresso Sindical Mundial, em Atenas, onde contou com a participa\u00e7\u00e3o de 828 delegados de 101 pa\u00edses. Nesse congresso, foi eleito o novo Conselho Presidencial com 40 membros e tamb\u00e9m foram votadas resolu\u00e7\u00f5es importantes sobre as reivindica\u00e7\u00f5es atuais dos trabalhadores.<\/p>\n<p style=\"font-style: inherit; font-weight: inherit;\"><b><strong style=\"font-style: inherit;\">Princ\u00edpios b\u00e1sicos da FSM<\/strong><\/b><\/p>\n<ul>\n<li style=\"font-style: inherit; font-weight: inherit;\">Funcionamento democr\u00e1tico \u2013 elei\u00e7\u00f5es para todos os \u00f3rg\u00e3os em todos os n\u00edveis;<\/li>\n<li style=\"font-style: inherit; font-weight: inherit;\">Orienta\u00e7\u00e3o internacionalista \u2013 solidariedade internacional;<\/li>\n<li style=\"font-style: inherit; font-weight: inherit;\">Luta pela paz e amizade entre os povos \u2013 contra as guerras imperialistas;<\/li>\n<li style=\"font-style: inherit; font-weight: inherit;\">Defender o direito de cada povo, de cada classe trabalhadora decidir por si mesmos sobre seu presente e futuro;<\/li>\n<li style=\"font-style: inherit; font-weight: inherit;\">Os recursos naturais de cada pa\u00eds pertencem ao povo e aos trabalhadores do pa\u00eds; A FSM \u00e9 contra a privatiza\u00e7\u00e3o;<\/li>\n<li style=\"font-style: inherit; font-weight: inherit;\">Unidade da classe trabalhadora \u2013 alian\u00e7a com os camponeses pobres, os sem-terras, os intelectuais;<\/li>\n<li style=\"font-style: inherit; font-weight: inherit;\">Envolver os jovens, as mulheres e os trabalhadores migrantes na vida, a\u00e7\u00e3o e administra\u00e7\u00e3o dos sindicatos;<\/li>\n<li style=\"font-style: inherit; font-weight: inherit;\">Prioridade aos temas de seguran\u00e7a e sa\u00fade para os trabalhadores, a qualidade de vida e ambiente em geral;<\/li>\n<li style=\"font-style: inherit; font-weight: inherit;\">M\u00e1xima prioridade dentro das empresas transnacionais e a organiza\u00e7\u00e3o de coordena\u00e7\u00e3o internacional e solidariedade prolet\u00e1ria;<\/li>\n<li style=\"font-style: inherit; font-weight: inherit;\">Golpear o carreirismo, o elitismo, a burocracia, a compra de consci\u00eancia e a corrup\u00e7\u00e3o;<\/li>\n<li style=\"font-style: inherit; font-weight: inherit;\">O direito de todos os trabalhadores \u00e0 sa\u00fade, educa\u00e7\u00e3o, previd\u00eancia social p\u00fablicas e gratuitas. A melhora cont\u00ednua do n\u00edvel de vida, sal\u00e1rios e pens\u00f5es;<\/li>\n<li style=\"font-style: inherit; font-weight: inherit;\">A FSM como organiza\u00e7\u00e3o sindical classista, refor\u00e7a a cr\u00edtica, a autocr\u00edtica e a emula\u00e7\u00e3o fraterna entre dirigentes e afiliados;<\/li>\n<li style=\"font-style: inherit; font-weight: inherit;\">Luta pelas liberdades sindicais e democr\u00e1ticas. \u00c9 contra a viol\u00eancia do Estado, o autoritarismo e a persegui\u00e7\u00e3o de sindicalistas. \u00c9 contra o neo-fascismo e o racismo;<\/li>\n<li style=\"font-style: inherit; font-weight: inherit;\">Organiza semin\u00e1rios e forma\u00e7\u00e3o sindical.<\/li>\n<\/ul>\n","protected":false},"excerpt":{"rendered":"<p>Conselho Presidencial anual FSM, 16 de dezembro de 2020 A reuni\u00e3o do Conselho Presidencial da FSM de 2020 foi conclu\u00edda em 16\/12\/2020, com a ado\u00e7\u00e3o do plano de a\u00e7\u00e3o 2021, novos pedidos de filia\u00e7\u00e3o e resolu\u00e7\u00f5es sobre todas as quest\u00f5es importantes e contempor\u00e2neas de interesse dos trabalhadores. No discurso de encerramento do Secret\u00e1rio-Geral,\u00a0George Mavrikos, SECRET\u00c1RIO-GERAL [&hellip;]<\/p>\n","protected":false},"author":2,"featured_media":3999,"comment_status":"open","ping_status":"open","sticky":false,"template":"","format":"standard","meta":{"_coblocks_attr":"","_coblocks_dimensions":"","_coblocks_responsive_height":"","_coblocks_accordion_ie_support":"","footnotes":""},"categories":[34],"tags":[],"class_list":{"0":"post-3987","1":"post","2":"type-post","3":"status-publish","4":"format-standard","5":"has-post-thumbnail","7":"category-resolucoes"},"translation":{"provider":"WPGlobus","version":"3.0.2","language":"pt","enabled_languages":["es","pt"],"languages":{"es":{"title":true,"content":true,"excerpt":false},"pt":{"title":true,"content":true,"excerpt":false}}},"_links":{"self":[{"href":"https:\/\/www.flemacon.org\/pt\/wp-json\/wp\/v2\/posts\/3987","targetHints":{"allow":["GET"]}}],"collection":[{"href":"https:\/\/www.flemacon.org\/pt\/wp-json\/wp\/v2\/posts"}],"about":[{"href":"https:\/\/www.flemacon.org\/pt\/wp-json\/wp\/v2\/types\/post"}],"author":[{"embeddable":true,"href":"https:\/\/www.flemacon.org\/pt\/wp-json\/wp\/v2\/users\/2"}],"replies":[{"embeddable":true,"href":"https:\/\/www.flemacon.org\/pt\/wp-json\/wp\/v2\/comments?post=3987"}],"version-history":[{"count":9,"href":"https:\/\/www.flemacon.org\/pt\/wp-json\/wp\/v2\/posts\/3987\/revisions"}],"predecessor-version":[{"id":11773,"href":"https:\/\/www.flemacon.org\/pt\/wp-json\/wp\/v2\/posts\/3987\/revisions\/11773"}],"wp:featuredmedia":[{"embeddable":true,"href":"https:\/\/www.flemacon.org\/pt\/wp-json\/wp\/v2\/media\/3999"}],"wp:attachment":[{"href":"https:\/\/www.flemacon.org\/pt\/wp-json\/wp\/v2\/media?parent=3987"}],"wp:term":[{"taxonomy":"category","embeddable":true,"href":"https:\/\/www.flemacon.org\/pt\/wp-json\/wp\/v2\/categories?post=3987"},{"taxonomy":"post_tag","embeddable":true,"href":"https:\/\/www.flemacon.org\/pt\/wp-json\/wp\/v2\/tags?post=3987"}],"curies":[{"name":"wp","href":"https:\/\/api.w.org\/{rel}","templated":true}]}}