{"id":4597,"date":"2021-06-04T23:19:25","date_gmt":"2021-06-04T23:19:25","guid":{"rendered":"https:\/\/www.flemacon.org\/?p=4597"},"modified":"2021-06-13T02:34:37","modified_gmt":"2021-06-13T02:34:37","slug":"sutimac-denuncia-publica-nacional-e-internacional","status":"publish","type":"post","link":"https:\/\/www.flemacon.org\/pt\/2021\/06\/sutimac-denuncia-publica-nacional-e-internacional\/","title":{"rendered":"SUTIMAC: DEN\u00daNCIA P\u00daBLICA NACIONAL E INTERNACIONAL"},"content":{"rendered":"<p>Os trabalhadores organizados no Sindicato Unit\u00e1rio dos Trabalhadores da Ind\u00fastria de Materiais de Constru\u00e7\u00e3o Sutimac denunciam perante a comunidade nacional e internacional que desde 28 de abril de 2021, valendo-se do direito fundamental de protesto social, foi convocado pelas centrais oper\u00e1rias e dos diversos setores da sociedade a Greve Nacional pela vida, pela paz, pela democracia e contra o novo pacote de Duque atrav\u00e9s do Comit\u00ea de Greve Nacional que est\u00e1 presente em todo o pa\u00eds a n\u00edvel departamental e municipal, do qual fazemos parte como sindicato filiado \u00e0 Central Unitaria de Trabajadores Cortar. Da mesma forma, h\u00e1 uma eclos\u00e3o social com mobiliza\u00e7\u00f5es populares de jovens em seus territ\u00f3rios e a participa\u00e7\u00e3o da minga ind\u00edgena como express\u00e3o de apoio e solidariedade.<\/p>\n<p>Os antecedentes do Surto Social remontam a mais de trinta anos com a aplica\u00e7\u00e3o do Modelo Neoliberal que com o surgimento da nova pandemia de Covid19 aprofunda a crise, levando a popula\u00e7\u00e3o a n\u00edveis de pobreza acima de 44% e extrema pobreza a 16% dos colombianos popula\u00e7\u00e3o, o desemprego atinge cifras de 16% e leva \u00e0 ru\u00edna das micro, pequenas e m\u00e9dias empresas que s\u00e3o as que empregam 80% da for\u00e7a de trabalho, o assassinato de lideran\u00e7as sociais, a n\u00e3o implementa\u00e7\u00e3o dos acordos de paz, o imposto, a sa\u00fade , as contra-reformas previdenci\u00e1ria e trabalhista nos obrigam a sair \u00e0s ruas em dias intensos de protestos, com\u00edcios, manifesta\u00e7\u00f5es culturais e pedagogia permanente para tornar vis\u00edveis os objetivos da greve.<\/p>\n<p>Em um esfor\u00e7o para proibir o protesto social, o governo colombiano combinou diferentes formas de luta para torn\u00e1-lo poss\u00edvel, incluindo assist\u00eancia militar com a introdu\u00e7\u00e3o de v\u00e2ndalos ou policiais \u00e0 paisana para causar danos, caos e atirar em manifestantes., A for\u00e7a desproporcional do esquadr\u00e3o m\u00f3vel antimotim, Esmad, contra manifestantes indefesos, a prote\u00e7\u00e3o que a for\u00e7a p\u00fablica fornece a bandos de paramilitares formados por \u201cricos\u201d da cidade de Cali para assassinar aqueles que fazem uso do direito \u00e0 liberdade de protesto social e os persegui\u00e7\u00f5es, estupros e desaparecimentos de jovens com motivos suficientes para permanecer nas concentra\u00e7\u00f5es inerentes \u00e0 greve nacional. Isso mostra uma resposta repressiva \u00e0s mobiliza\u00e7\u00f5es, onde a injusti\u00e7a social continua a ser o estopim da explos\u00e3o social que vive nosso pa\u00eds.<\/p>\n<p>Estamos em greve h\u00e1 33 dias e \u00e9 preciso denunciar e condenar os atos do presidente da rep\u00fablica, Iv\u00e1n Duque M\u00e1rquez e dos empres\u00e1rios agrupados no conselho sindical nacional, perante a comunidade nacional e internacional pela viola\u00e7\u00e3o do humano direitos dos manifestantes nos seguintes aspectos:<\/p>\n<p>1. Em maio deste ano, o Conselho Sindical Nacional enviou uma carta ao Secret\u00e1rio-Geral das Na\u00e7\u00f5es Unidas, Antonio Guterres, \u00e0 Alta Comiss\u00e1ria das Na\u00e7\u00f5es Unidas para os Direitos Humanos, Michelle Bachelet, ao Secret\u00e1rio-Geral da Organiza\u00e7\u00e3o das Na\u00e7\u00f5es Unidas Estados, Luis Almagro, e a secret\u00e1ria executiva da Comiss\u00e3o Interamericana de Direitos Humanos, Mar\u00eda Claudia Pulido, saem da posi\u00e7\u00e3o do setor empresarial colombiano em rela\u00e7\u00e3o \u00e0 situa\u00e7\u00e3o da na\u00e7\u00e3o em rela\u00e7\u00e3o \u00e0 Greve Nacional e \u00e0s concentra\u00e7\u00f5es apresentadas em diferentes \u00e1reas do pa\u00eds, onde n\u00e3o se referem \u00e0 abertura de uma mesa de di\u00e1logo com todos os atores sociais que se manifestam nas ruas, pelo contr\u00e1rio no n\u00famero 5 afirmam: \u201cComo representantes do setor empresarial, confiamos em a capacidade do Estado para que, no quadro da Constitui\u00e7\u00e3o e da Lei, o mandato de restabelecimento da ordem p\u00fablica seja cumprido. Expressamos nosso apoio ao Presidente da Rep\u00fablica, \u00e0 Pol\u00edcia Nacional e \u00e0s For\u00e7as Militares para garantir a prote\u00e7\u00e3o dos direitos de todos os colombianos, devolvendo tranquilidade a todo o territ\u00f3rio nacional \u201d, o que mais tarde se traduziria no tratamento da guerra ao protesto social pelo governo e a viola\u00e7\u00e3o dos direitos humanos dos manifestantes.<\/p>\n<p>2. O presidente Iv\u00e1n Duque, sem qualquer prova, pretende deslegitimar o protesto social com manifesta\u00e7\u00f5es de que ele est\u00e1 infiltrado pela insurg\u00eancia e financiado pelo narcotr\u00e1fico, buscando assim continuar dando tratamento de guerra ao protesto.<\/p>\n<p>3. A aplica\u00e7\u00e3o do Terrorismo de Estado que tem sido a constante hist\u00f3rica da burguesia assassina deste pa\u00eds e que mant\u00e9m as ruas de diferentes regi\u00f5es da Col\u00f4mbia banhadas em sangue onde chega com um destacamento de for\u00e7as aerotransportadas, Esmad, policiais \u00e0 paisana, militares, tanques, ajudas tecnol\u00f3gicas e armas de longo alcance como para uma guerra, uma situa\u00e7\u00e3o nunca antes vista no continente para contrariar o direito fundamental ao protesto social de cidad\u00e3os indefesos e pac\u00edficos que s\u00f3 t\u00eam a for\u00e7a da palavra, deixando milhares de detidos, centenas dos feridos, deles 51 com ferimentos nos olhos e mais de 70 mortos, 14 deles na noite de 28 de maio na cidade de Cali, pela pol\u00edcia e por pessoas vestidas com roupas civis que acompanhavam os policiais, eles explicam o horror desencadeada, inaceit\u00e1vel em qualquer estado democr\u00e1tico. Da mesma forma, o Presidente da Rep\u00fablica e o governo continuam a manter um sil\u00eancio c\u00famplice com o uso excessivo da for\u00e7a por parte da pol\u00edcia, a ESMAD, bem como com o ataque de grupos civis que atuam ao lado de agentes do Estado contra os quais exercemos o direito de protestar .<\/p>\n<p>4. A tentativa de pactuar as garantias que permitem o direito fundamental ao protesto social e que nos conduzem a uma mesa de negocia\u00e7\u00f5es foi atirada ao mar pelo governo nacional ao impor na sexta-feira, 28 de maio, assist\u00eancia militar a 8 governadores e 13 prefeitos impondo uma como\u00e7\u00e3o interna parcial que viola a constitui\u00e7\u00e3o pol\u00edtica e envolve os militares no manejo do protesto e subordina as autoridades civis aos comandos militares, configurando um golpe de estado.<\/p>\n<p>5. Os manifestantes continuar\u00e3o em greve e expressamos nossa vontade pol\u00edtica de ouvir e ser ouvidos em um processo de negocia\u00e7\u00e3o, mas acima de tudo que as cidades e os campos sejam desmilitarizados e a vida de quem fica nas ruas seja respeitada.<\/p>\n<p>6. Solicitamos o acompanhamento da CIDH em campo para verificar a viola\u00e7\u00e3o dos direitos humanos e agradecemos o interesse da ONU pela necessidade de fortalecer o di\u00e1logo como instrumento fundamental para a solu\u00e7\u00e3o de conflitos, o que coincide com a declara\u00e7\u00e3o dos 17 embaixadores da Uni\u00e3o Europeia apoiando o di\u00e1logo e a negocia\u00e7\u00e3o.<\/p>\n<p>7. Diante de tal situa\u00e7\u00e3o, recorremos \u00e0 comunidade internacional para intervir ante as demiss\u00f5es e suspens\u00e3o dos contratos de trabalho que v\u00eam realizando grandes empresas na Col\u00f4mbia, o que agrava a situa\u00e7\u00e3o socioecon\u00f4mica dos trabalhadores, o que, pelo contr\u00e1rio , garante os empregos e os di\u00e1logos como alternativa para a resolu\u00e7\u00e3o dos conflitos sociais.<\/p>\n<p>02 de junho de 2021<\/p>\n<p>Assinado pelos representantes do conselho nacional da Sutimac:<\/p>\n<p>MANUEL FERNANDEZ LEGUIA<br \/>\nPresidente Nacional<\/p>\n<p>EDDIE LENIS MARTINEZ<br \/>\nFiscal Nacional<\/p>\n<p>JOSE EUGENIO HERNANDEZ<br \/>\nVicepresidente Nacional<\/p>\n<p>WALTER ECHAVARR\u00cdA AGUIRRE<br \/>\nSecretario General Nacional<\/p>\n<p>MIGUEL SIERRA SANDOVAL<br \/>\nTesorero Nacional<\/p>\n","protected":false},"excerpt":{"rendered":"<p>Os trabalhadores organizados no Sindicato Unit\u00e1rio dos Trabalhadores da Ind\u00fastria de Materiais de Constru\u00e7\u00e3o Sutimac denunciam perante a comunidade nacional e internacional que desde 28 de abril de 2021, valendo-se do direito fundamental de protesto social, foi convocado pelas centrais oper\u00e1rias e dos diversos setores da sociedade a Greve Nacional pela vida, pela paz, pela [&hellip;]<\/p>\n","protected":false},"author":2,"featured_media":4601,"comment_status":"open","ping_status":"open","sticky":false,"template":"","format":"standard","meta":{"_coblocks_attr":"","_coblocks_dimensions":"","_coblocks_responsive_height":"","_coblocks_accordion_ie_support":"","footnotes":""},"categories":[28,35],"tags":[],"class_list":{"0":"post-4597","1":"post","2":"type-post","3":"status-publish","4":"format-standard","5":"has-post-thumbnail","7":"category-america-latina","8":"category-notas"},"translation":{"provider":"WPGlobus","version":"3.0.2","language":"pt","enabled_languages":["es","pt"],"languages":{"es":{"title":true,"content":true,"excerpt":false},"pt":{"title":true,"content":true,"excerpt":false}}},"_links":{"self":[{"href":"https:\/\/www.flemacon.org\/pt\/wp-json\/wp\/v2\/posts\/4597","targetHints":{"allow":["GET"]}}],"collection":[{"href":"https:\/\/www.flemacon.org\/pt\/wp-json\/wp\/v2\/posts"}],"about":[{"href":"https:\/\/www.flemacon.org\/pt\/wp-json\/wp\/v2\/types\/post"}],"author":[{"embeddable":true,"href":"https:\/\/www.flemacon.org\/pt\/wp-json\/wp\/v2\/users\/2"}],"replies":[{"embeddable":true,"href":"https:\/\/www.flemacon.org\/pt\/wp-json\/wp\/v2\/comments?post=4597"}],"version-history":[{"count":6,"href":"https:\/\/www.flemacon.org\/pt\/wp-json\/wp\/v2\/posts\/4597\/revisions"}],"predecessor-version":[{"id":4608,"href":"https:\/\/www.flemacon.org\/pt\/wp-json\/wp\/v2\/posts\/4597\/revisions\/4608"}],"wp:featuredmedia":[{"embeddable":true,"href":"https:\/\/www.flemacon.org\/pt\/wp-json\/wp\/v2\/media\/4601"}],"wp:attachment":[{"href":"https:\/\/www.flemacon.org\/pt\/wp-json\/wp\/v2\/media?parent=4597"}],"wp:term":[{"taxonomy":"category","embeddable":true,"href":"https:\/\/www.flemacon.org\/pt\/wp-json\/wp\/v2\/categories?post=4597"},{"taxonomy":"post_tag","embeddable":true,"href":"https:\/\/www.flemacon.org\/pt\/wp-json\/wp\/v2\/tags?post=4597"}],"curies":[{"name":"wp","href":"https:\/\/api.w.org\/{rel}","templated":true}]}}