{"id":4634,"date":"2021-06-19T18:19:29","date_gmt":"2021-06-19T18:19:29","guid":{"rendered":"https:\/\/www.flemacon.org\/?p=4634"},"modified":"2021-06-22T20:16:41","modified_gmt":"2021-06-22T20:16:41","slug":"19j-dia-de-luta-dos-as-trabalhadores-do-brasil","status":"publish","type":"post","link":"https:\/\/www.flemacon.org\/pt\/2021\/06\/19j-dia-de-luta-dos-as-trabalhadores-do-brasil\/","title":{"rendered":"#19J: Dia de luta dos (as) trabalhadores do Brasil"},"content":{"rendered":"<figure id=\"attachment_4637\" aria-describedby=\"caption-attachment-4637\" style=\"width: 720px\" class=\"wp-caption alignnone\"><img loading=\"lazy\" decoding=\"async\" class=\"wp-image-4637 size-full\" src=\"https:\/\/www.flemacon.org\/wp-content\/uploads\/2021\/06\/thumbnail_PHOTO-2021-06-19-15-22-10.jpg\" alt=\"\" width=\"720\" height=\"405\" srcset=\"https:\/\/www.flemacon.org\/wp-content\/uploads\/2021\/06\/thumbnail_PHOTO-2021-06-19-15-22-10.jpg 720w, https:\/\/www.flemacon.org\/wp-content\/uploads\/2021\/06\/thumbnail_PHOTO-2021-06-19-15-22-10-300x169.jpg 300w, https:\/\/www.flemacon.org\/wp-content\/uploads\/2021\/06\/thumbnail_PHOTO-2021-06-19-15-22-10-696x392.jpg 696w\" sizes=\"auto, (max-width: 720px) 100vw, 720px\" \/><figcaption id=\"caption-attachment-4637\" class=\"wp-caption-text\">Rio de Janeiro \/ RJ. O povo tomou as ruas da exigindo o impeachment do presidente do Brasil, Jair Bolsonaro.<\/figcaption><\/figure>\n<p>#ForaBolsonaro: Emprego, Vacina no bra\u00e7o e Comida no prato!<\/p>\n<p>No dia 16 de junho, a Federa\u00e7\u00e3o Sindical Mundial &#8211; FSM divulgou a seguinte nota, em apoio \u00e0 luta do povo brasileiro, que programaram manifesta\u00e7\u00f5es para o dia 19 de junho exigindo o impeachment do presidente genocida: #ForaBolsonaro: Emprego, Vacina no bra\u00e7o e Comida no prato!<\/p>\n<p>Leia a Nota da FSM e no final veja fotos das manifesta\u00e7\u00f5es no dia 19 de junho, no Brasil.<\/p>\n<p><strong>FEDERA\u00c7\u00c3O SINDICAL MUNDIAL &#8211; 16 de junho 2021<\/strong><\/p>\n<p>Desde a regional Cone Sul da FSM manifestamos nosso apoio para o dia de mobiliza\u00e7\u00f5es nas ruas, com todos os cuidados sanit\u00e1rios, em 19 de junho, respondendo ao chamado da Campanha Fora Bolsonaro!. \u00c9 um dia de luta internacional com a\u00e7\u00f5es nas cidades do Brasil e em muitas outras cidades ao redor do mundo.<\/p>\n<p>Nossos sindicatos estar\u00e3o como sempre estiveram ao longo da hist\u00f3ria da Federa\u00e7\u00e3o Sindical Mundial, na linha de frente da defesa dos direitos da classe trabalhadora, da luta pela democracia e justi\u00e7a social, contra o imperialismo e o capitalismo.<\/p>\n<p>Instamos todos os nossos sindicatos e movimentos sociais a apoiar e realizar atos no pr\u00f3ximo dia 19 de junho, com o devido cuidado com a sa\u00fade, levantando a palavra de ordem: Fora Bolsonaro! Emprego, vacina no bra\u00e7o e comida no prato!<\/p>\n<figure id=\"attachment_4640\" aria-describedby=\"caption-attachment-4640\" style=\"width: 720px\" class=\"wp-caption alignnone\"><img loading=\"lazy\" decoding=\"async\" class=\"wp-image-4640 size-full\" src=\"https:\/\/www.flemacon.org\/wp-content\/uploads\/2021\/06\/PHOTO-2021-06-19-20-16-58.jpg\" alt=\"\" width=\"720\" height=\"937\" srcset=\"https:\/\/www.flemacon.org\/wp-content\/uploads\/2021\/06\/PHOTO-2021-06-19-20-16-58.jpg 720w, https:\/\/www.flemacon.org\/wp-content\/uploads\/2021\/06\/PHOTO-2021-06-19-20-16-58-231x300.jpg 231w, https:\/\/www.flemacon.org\/wp-content\/uploads\/2021\/06\/PHOTO-2021-06-19-20-16-58-696x906.jpg 696w, https:\/\/www.flemacon.org\/wp-content\/uploads\/2021\/06\/PHOTO-2021-06-19-20-16-58-323x420.jpg 323w\" sizes=\"auto, (max-width: 720px) 100vw, 720px\" \/><figcaption id=\"caption-attachment-4640\" class=\"wp-caption-text\">S\u00e3o Paulo \/ SP, foto de Ricardo Stuckert<\/figcaption><\/figure>\n<figure id=\"attachment_4638\" aria-describedby=\"caption-attachment-4638\" style=\"width: 720px\" class=\"wp-caption alignnone\"><img loading=\"lazy\" decoding=\"async\" class=\"wp-image-4638 size-full\" src=\"https:\/\/www.flemacon.org\/wp-content\/uploads\/2021\/06\/thumbnail_PHOTO-2021-06-19-15-27-48.jpg\" alt=\"\" width=\"720\" height=\"392\" srcset=\"https:\/\/www.flemacon.org\/wp-content\/uploads\/2021\/06\/thumbnail_PHOTO-2021-06-19-15-27-48.jpg 720w, https:\/\/www.flemacon.org\/wp-content\/uploads\/2021\/06\/thumbnail_PHOTO-2021-06-19-15-27-48-300x163.jpg 300w, https:\/\/www.flemacon.org\/wp-content\/uploads\/2021\/06\/thumbnail_PHOTO-2021-06-19-15-27-48-696x379.jpg 696w\" sizes=\"auto, (max-width: 720px) 100vw, 720px\" \/><figcaption id=\"caption-attachment-4638\" class=\"wp-caption-text\">Recife, Pernambuco. Foto: Divulga\u00e7\u00e3o \/ Internet<\/figcaption><\/figure>\n<figure id=\"attachment_4639\" aria-describedby=\"caption-attachment-4639\" style=\"width: 720px\" class=\"wp-caption alignnone\"><img loading=\"lazy\" decoding=\"async\" class=\"wp-image-4639 size-full\" src=\"https:\/\/www.flemacon.org\/wp-content\/uploads\/2021\/06\/thumbnail_PHOTO-2021-06-19-18-24-19.jpg\" alt=\"\" width=\"720\" height=\"819\" srcset=\"https:\/\/www.flemacon.org\/wp-content\/uploads\/2021\/06\/thumbnail_PHOTO-2021-06-19-18-24-19.jpg 720w, https:\/\/www.flemacon.org\/wp-content\/uploads\/2021\/06\/thumbnail_PHOTO-2021-06-19-18-24-19-264x300.jpg 264w, https:\/\/www.flemacon.org\/wp-content\/uploads\/2021\/06\/thumbnail_PHOTO-2021-06-19-18-24-19-696x792.jpg 696w, https:\/\/www.flemacon.org\/wp-content\/uploads\/2021\/06\/thumbnail_PHOTO-2021-06-19-18-24-19-369x420.jpg 369w\" sizes=\"auto, (max-width: 720px) 100vw, 720px\" \/><figcaption id=\"caption-attachment-4639\" class=\"wp-caption-text\">Macei\u00f3, Alagoas. Foto Divulga\u00e7\u00e3o \/ Internet<\/figcaption><\/figure>\n<figure id=\"attachment_4642\" aria-describedby=\"caption-attachment-4642\" style=\"width: 696px\" class=\"wp-caption alignnone\"><img loading=\"lazy\" decoding=\"async\" class=\"wp-image-4642 size-large\" src=\"https:\/\/www.flemacon.org\/wp-content\/uploads\/2021\/06\/PHOTO-2021-06-19-15-31-16-1024x768.jpg\" alt=\"\" width=\"696\" height=\"522\" srcset=\"https:\/\/www.flemacon.org\/wp-content\/uploads\/2021\/06\/PHOTO-2021-06-19-15-31-16-1024x768.jpg 1024w, https:\/\/www.flemacon.org\/wp-content\/uploads\/2021\/06\/PHOTO-2021-06-19-15-31-16-300x225.jpg 300w, https:\/\/www.flemacon.org\/wp-content\/uploads\/2021\/06\/PHOTO-2021-06-19-15-31-16-768x576.jpg 768w, https:\/\/www.flemacon.org\/wp-content\/uploads\/2021\/06\/PHOTO-2021-06-19-15-31-16-696x522.jpg 696w, https:\/\/www.flemacon.org\/wp-content\/uploads\/2021\/06\/PHOTO-2021-06-19-15-31-16-1068x801.jpg 1068w, https:\/\/www.flemacon.org\/wp-content\/uploads\/2021\/06\/PHOTO-2021-06-19-15-31-16-560x420.jpg 560w, https:\/\/www.flemacon.org\/wp-content\/uploads\/2021\/06\/PHOTO-2021-06-19-15-31-16-80x60.jpg 80w, https:\/\/www.flemacon.org\/wp-content\/uploads\/2021\/06\/PHOTO-2021-06-19-15-31-16-265x198.jpg 265w, https:\/\/www.flemacon.org\/wp-content\/uploads\/2021\/06\/PHOTO-2021-06-19-15-31-16.jpg 1280w\" sizes=\"auto, (max-width: 696px) 100vw, 696px\" \/><figcaption id=\"caption-attachment-4642\" class=\"wp-caption-text\">Salvador, Bahia. CTB na luta.<\/figcaption><\/figure>\n<figure id=\"attachment_4643\" aria-describedby=\"caption-attachment-4643\" style=\"width: 1024px\" class=\"wp-caption alignnone\"><img loading=\"lazy\" decoding=\"async\" class=\"wp-image-4643 size-full\" src=\"https:\/\/www.flemacon.org\/wp-content\/uploads\/2021\/06\/PHOTO-2021-06-19-17-36-12.jpg\" alt=\"\" width=\"1024\" height=\"778\" srcset=\"https:\/\/www.flemacon.org\/wp-content\/uploads\/2021\/06\/PHOTO-2021-06-19-17-36-12.jpg 1024w, https:\/\/www.flemacon.org\/wp-content\/uploads\/2021\/06\/PHOTO-2021-06-19-17-36-12-300x228.jpg 300w, https:\/\/www.flemacon.org\/wp-content\/uploads\/2021\/06\/PHOTO-2021-06-19-17-36-12-768x584.jpg 768w, https:\/\/www.flemacon.org\/wp-content\/uploads\/2021\/06\/PHOTO-2021-06-19-17-36-12-696x529.jpg 696w, https:\/\/www.flemacon.org\/wp-content\/uploads\/2021\/06\/PHOTO-2021-06-19-17-36-12-553x420.jpg 553w, https:\/\/www.flemacon.org\/wp-content\/uploads\/2021\/06\/PHOTO-2021-06-19-17-36-12-80x60.jpg 80w\" sizes=\"auto, (max-width: 1024px) 100vw, 1024px\" \/><figcaption id=\"caption-attachment-4643\" class=\"wp-caption-text\">Salvador, Bahia. Faixa Bolsonaro Genocida. Divulga\u00e7\u00e3o<\/figcaption><\/figure>\n","protected":false},"excerpt":{"rendered":"<p>#ForaBolsonaro: Emprego, Vacina no bra\u00e7o e Comida no prato! No dia 16 de junho, a Federa\u00e7\u00e3o Sindical Mundial &#8211; FSM divulgou a seguinte nota, em apoio \u00e0 luta do povo brasileiro, que programaram manifesta\u00e7\u00f5es para o dia 19 de junho exigindo o impeachment do presidente genocida: #ForaBolsonaro: Emprego, Vacina no bra\u00e7o e Comida no prato! [&hellip;]<\/p>\n","protected":false},"author":2,"featured_media":4641,"comment_status":"open","ping_status":"open","sticky":false,"template":"","format":"standard","meta":{"_coblocks_attr":"","_coblocks_dimensions":"","_coblocks_responsive_height":"","_coblocks_accordion_ie_support":"","footnotes":""},"categories":[28,29,31],"tags":[],"class_list":{"0":"post-4634","1":"post","2":"type-post","3":"status-publish","4":"format-standard","5":"has-post-thumbnail","7":"category-america-latina","8":"category-mundo","9":"category-noticias-eventos"},"translation":{"provider":"WPGlobus","version":"3.0.2","language":"pt","enabled_languages":["es","pt"],"languages":{"es":{"title":true,"content":true,"excerpt":false},"pt":{"title":true,"content":true,"excerpt":false}}},"_links":{"self":[{"href":"https:\/\/www.flemacon.org\/pt\/wp-json\/wp\/v2\/posts\/4634","targetHints":{"allow":["GET"]}}],"collection":[{"href":"https:\/\/www.flemacon.org\/pt\/wp-json\/wp\/v2\/posts"}],"about":[{"href":"https:\/\/www.flemacon.org\/pt\/wp-json\/wp\/v2\/types\/post"}],"author":[{"embeddable":true,"href":"https:\/\/www.flemacon.org\/pt\/wp-json\/wp\/v2\/users\/2"}],"replies":[{"embeddable":true,"href":"https:\/\/www.flemacon.org\/pt\/wp-json\/wp\/v2\/comments?post=4634"}],"version-history":[{"count":5,"href":"https:\/\/www.flemacon.org\/pt\/wp-json\/wp\/v2\/posts\/4634\/revisions"}],"predecessor-version":[{"id":4664,"href":"https:\/\/www.flemacon.org\/pt\/wp-json\/wp\/v2\/posts\/4634\/revisions\/4664"}],"wp:featuredmedia":[{"embeddable":true,"href":"https:\/\/www.flemacon.org\/pt\/wp-json\/wp\/v2\/media\/4641"}],"wp:attachment":[{"href":"https:\/\/www.flemacon.org\/pt\/wp-json\/wp\/v2\/media?parent=4634"}],"wp:term":[{"taxonomy":"category","embeddable":true,"href":"https:\/\/www.flemacon.org\/pt\/wp-json\/wp\/v2\/categories?post=4634"},{"taxonomy":"post_tag","embeddable":true,"href":"https:\/\/www.flemacon.org\/pt\/wp-json\/wp\/v2\/tags?post=4634"}],"curies":[{"name":"wp","href":"https:\/\/api.w.org\/{rel}","templated":true}]}}