{"id":4650,"date":"2021-06-18T16:53:02","date_gmt":"2021-06-18T16:53:02","guid":{"rendered":"https:\/\/www.flemacon.org\/?p=4650"},"modified":"2021-06-22T20:04:21","modified_gmt":"2021-06-22T20:04:21","slug":"uruguay-sunca-realizara-em-julho-mobilizacao-nacional-por-emprego","status":"publish","type":"post","link":"https:\/\/www.flemacon.org\/pt\/2021\/06\/uruguay-sunca-realizara-em-julho-mobilizacao-nacional-por-emprego\/","title":{"rendered":"Uruguay: SUNCA realizar\u00e1 em julho mobiliza\u00e7\u00e3o nacional por emprego"},"content":{"rendered":"<p>Montevid\u00e9u, 18 de junho de 2021<\/p>\n<p>Quando a Comiss\u00e3o Executiva Nacional do Sindicato \u00danico Nacional da Constru\u00e7\u00e3o e Anexos (SUNCA, PIT-CNT) se reuniu em 14 de junho, resolveu:<\/p>\n<p>&#8211; Saudar o processo democr\u00e1tico eleitoral no Peru, no mesmo sentido parabenizar os trabalhadores da Federa\u00e7\u00e3o dos Trabalhadores da Constru\u00e7\u00e3o Civil do Peru (FTCCP) por seu papel neste momento crucial em que vive esta na\u00e7\u00e3o fraterna. Reafirmamos nossa convic\u00e7\u00e3o de que somente os povos s\u00e3o donos de seu destino e nosso compromisso com a defesa da democracia, n\u00e3o<br \/>\ninterven\u00e7\u00e3o e autodetermina\u00e7\u00e3o.<\/p>\n<p>&#8211; Repudiar as graves viola\u00e7\u00f5es dos direitos humanos na Col\u00f4mbia, registradas h\u00e1 d\u00e9cadas, mas que se agravaram e adquiriram especial relev\u00e2ncia ap\u00f3s o levante daquela na\u00e7\u00e3o irm\u00e3; Exigimos o fim da repress\u00e3o e a investiga\u00e7\u00e3o de todas as den\u00fancias.<\/p>\n<p>&#8211; Expressar a nossa solidariedade e apoio que todos os trabalhadores em conflito levam avante: da portagem, ramos de bet\u00e3o e extractivos, de Mevir e, recentemente, o conflito levado a cabo pelos trabalhadores das obras do Caminho-de-ferro Central.<\/p>\n<p>&#8211; Abrir a discuss\u00e3o das bases do 4\u00ba Encontro Program\u00e1tico dos Trabalhadores da Constru\u00e7\u00e3o, a realizar este ano, com tr\u00eas n\u00facleos tem\u00e1ticos: Emprego, Habita\u00e7\u00e3o e Seguran\u00e7a Social.<\/p>\n<p>&#8211; Informar ao nosso sindicato e a toda a nossa gente que antes do in\u00edcio da discuss\u00e3o da Presta\u00e7\u00e3o de Contas Or\u00e7ament\u00e1ria nos pr\u00f3ximos dias, analisando as dificuldades de desenvolvimento e nenhum investimento que a ind\u00fastria est\u00e1 tendo, fundamentalmente no interior do pa\u00eds, somando-se a Isso \u00e9 devido aos diversos conflitos que a SUNCA vive hoje em v\u00e1rias frentes, a Comiss\u00e3o Executiva Nacional, seguindo as defini\u00e7\u00f5es do \u00faltimo Conselho Diretor Nacional, realizado em maio, em Lavalleja, resolve ir a um grande Dia Nacional de Mobiliza\u00e7\u00e3o pelo TRABALHO, no m\u00eas de Julho. As caracter\u00edsticas do mesmo ser\u00e3o analisadas em uma pr\u00f3xima reuni\u00e3o do Executivo que ocorrer\u00e1 na \u00faltima semana de junho.<\/p>\n<p>Por Sunca: Comit\u00ea Executivo Nacional<\/p>\n","protected":false},"excerpt":{"rendered":"<p>Montevid\u00e9u, 18 de junho de 2021 Quando a Comiss\u00e3o Executiva Nacional do Sindicato \u00danico Nacional da Constru\u00e7\u00e3o e Anexos (SUNCA, PIT-CNT) se reuniu em 14 de junho, resolveu: &#8211; Saudar o processo democr\u00e1tico eleitoral no Peru, no mesmo sentido parabenizar os trabalhadores da Federa\u00e7\u00e3o dos Trabalhadores da Constru\u00e7\u00e3o Civil do Peru (FTCCP) por seu papel [&hellip;]<\/p>\n","protected":false},"author":2,"featured_media":4654,"comment_status":"open","ping_status":"open","sticky":false,"template":"","format":"standard","meta":{"_coblocks_attr":"","_coblocks_dimensions":"","_coblocks_responsive_height":"","_coblocks_accordion_ie_support":"","footnotes":""},"categories":[28,34],"tags":[],"class_list":{"0":"post-4650","1":"post","2":"type-post","3":"status-publish","4":"format-standard","5":"has-post-thumbnail","7":"category-america-latina","8":"category-resolucoes"},"translation":{"provider":"WPGlobus","version":"3.0.2","language":"pt","enabled_languages":["es","pt"],"languages":{"es":{"title":true,"content":true,"excerpt":false},"pt":{"title":true,"content":true,"excerpt":false}}},"_links":{"self":[{"href":"https:\/\/www.flemacon.org\/pt\/wp-json\/wp\/v2\/posts\/4650","targetHints":{"allow":["GET"]}}],"collection":[{"href":"https:\/\/www.flemacon.org\/pt\/wp-json\/wp\/v2\/posts"}],"about":[{"href":"https:\/\/www.flemacon.org\/pt\/wp-json\/wp\/v2\/types\/post"}],"author":[{"embeddable":true,"href":"https:\/\/www.flemacon.org\/pt\/wp-json\/wp\/v2\/users\/2"}],"replies":[{"embeddable":true,"href":"https:\/\/www.flemacon.org\/pt\/wp-json\/wp\/v2\/comments?post=4650"}],"version-history":[{"count":5,"href":"https:\/\/www.flemacon.org\/pt\/wp-json\/wp\/v2\/posts\/4650\/revisions"}],"predecessor-version":[{"id":4657,"href":"https:\/\/www.flemacon.org\/pt\/wp-json\/wp\/v2\/posts\/4650\/revisions\/4657"}],"wp:featuredmedia":[{"embeddable":true,"href":"https:\/\/www.flemacon.org\/pt\/wp-json\/wp\/v2\/media\/4654"}],"wp:attachment":[{"href":"https:\/\/www.flemacon.org\/pt\/wp-json\/wp\/v2\/media?parent=4650"}],"wp:term":[{"taxonomy":"category","embeddable":true,"href":"https:\/\/www.flemacon.org\/pt\/wp-json\/wp\/v2\/categories?post=4650"},{"taxonomy":"post_tag","embeddable":true,"href":"https:\/\/www.flemacon.org\/pt\/wp-json\/wp\/v2\/tags?post=4650"}],"curies":[{"name":"wp","href":"https:\/\/api.w.org\/{rel}","templated":true}]}}