{"id":4667,"date":"2021-06-28T00:08:36","date_gmt":"2021-06-28T00:08:36","guid":{"rendered":"https:\/\/www.flemacon.org\/?p=4667"},"modified":"2021-06-28T03:19:55","modified_gmt":"2021-06-28T03:19:55","slug":"dia-de-acao-internacional-uitbb-pandemia-e-a-industria-da-construcao","status":"publish","type":"post","link":"https:\/\/www.flemacon.org\/pt\/2021\/06\/dia-de-acao-internacional-uitbb-pandemia-e-a-industria-da-construcao\/","title":{"rendered":"Dia de A\u00e7\u00e3o Internacional UITBB: Pandemia e a ind\u00fastria da constru\u00e7\u00e3o"},"content":{"rendered":"<figure id=\"attachment_4670\" aria-describedby=\"caption-attachment-4670\" style=\"width: 867px\" class=\"wp-caption alignleft\"><img loading=\"lazy\" decoding=\"async\" class=\"wp-image-4670 size-full\" src=\"https:\/\/www.flemacon.org\/wp-content\/uploads\/2021\/06\/protocolos_covid1.jpg\" alt=\"\" width=\"867\" height=\"689\" srcset=\"https:\/\/www.flemacon.org\/wp-content\/uploads\/2021\/06\/protocolos_covid1.jpg 867w, https:\/\/www.flemacon.org\/wp-content\/uploads\/2021\/06\/protocolos_covid1-300x238.jpg 300w, https:\/\/www.flemacon.org\/wp-content\/uploads\/2021\/06\/protocolos_covid1-768x610.jpg 768w, https:\/\/www.flemacon.org\/wp-content\/uploads\/2021\/06\/protocolos_covid1-696x553.jpg 696w, https:\/\/www.flemacon.org\/wp-content\/uploads\/2021\/06\/protocolos_covid1-529x420.jpg 529w\" sizes=\"auto, (max-width: 867px) 100vw, 867px\" \/><figcaption id=\"caption-attachment-4670\" class=\"wp-caption-text\">Fotos do SINTRACOM-BA, sindicato filiado \u00e0 FLEMACON e UITBB, nos canteiros de obras e p\u00e1tios das empresas prestadoras de servi\u00e7os de energia el\u00e9trica e \u00e1gua e saneamento, no estado da Bahia, Brasil.<\/figcaption><\/figure>\n<p><img loading=\"lazy\" decoding=\"async\" class=\"wp-image-4672 size-large alignleft\" src=\"https:\/\/www.flemacon.org\/wp-content\/uploads\/2021\/06\/protocolos_covid3-1024x768.jpg\" alt=\"\" width=\"696\" height=\"522\" srcset=\"https:\/\/www.flemacon.org\/wp-content\/uploads\/2021\/06\/protocolos_covid3-1024x768.jpg 1024w, https:\/\/www.flemacon.org\/wp-content\/uploads\/2021\/06\/protocolos_covid3-300x225.jpg 300w, https:\/\/www.flemacon.org\/wp-content\/uploads\/2021\/06\/protocolos_covid3-768x576.jpg 768w, https:\/\/www.flemacon.org\/wp-content\/uploads\/2021\/06\/protocolos_covid3-696x522.jpg 696w, https:\/\/www.flemacon.org\/wp-content\/uploads\/2021\/06\/protocolos_covid3-1068x801.jpg 1068w, https:\/\/www.flemacon.org\/wp-content\/uploads\/2021\/06\/protocolos_covid3-560x420.jpg 560w, https:\/\/www.flemacon.org\/wp-content\/uploads\/2021\/06\/protocolos_covid3-80x60.jpg 80w, https:\/\/www.flemacon.org\/wp-content\/uploads\/2021\/06\/protocolos_covid3-265x198.jpg 265w, https:\/\/www.flemacon.org\/wp-content\/uploads\/2021\/06\/protocolos_covid3.jpg 1280w\" sizes=\"auto, (max-width: 696px) 100vw, 696px\" \/> <img loading=\"lazy\" decoding=\"async\" class=\"wp-image-4673 size-full alignleft\" src=\"https:\/\/www.flemacon.org\/wp-content\/uploads\/2021\/06\/protocolos_covid4.jpg\" alt=\"\" width=\"995\" height=\"717\" srcset=\"https:\/\/www.flemacon.org\/wp-content\/uploads\/2021\/06\/protocolos_covid4.jpg 995w, https:\/\/www.flemacon.org\/wp-content\/uploads\/2021\/06\/protocolos_covid4-300x216.jpg 300w, https:\/\/www.flemacon.org\/wp-content\/uploads\/2021\/06\/protocolos_covid4-768x553.jpg 768w, https:\/\/www.flemacon.org\/wp-content\/uploads\/2021\/06\/protocolos_covid4-696x502.jpg 696w, https:\/\/www.flemacon.org\/wp-content\/uploads\/2021\/06\/protocolos_covid4-583x420.jpg 583w\" sizes=\"auto, (max-width: 995px) 100vw, 995px\" \/>A FLEMACON divulgou nota convocando os Sindicatos e organiza\u00e7\u00f5es de trabalhadores (as) da Am\u00e9rica Latina e Caribe a se unirem na luta da UITBB por sa\u00fade, vacina j\u00e1, emprego e garantia dos direitos. Leia a nota da FLEMACON:<\/p>\n<p><strong>28 de junho &#8211; Dia de A\u00e7\u00e3o Internacional da UITBB, que tem como tema &#8220;A Pandemia da COVID-19 e a Ind\u00fastria da Constru\u00e7\u00e3o<\/strong><\/p>\n<p>Companheiros (as):<\/p>\n<p>Nesta segunda-feira, 28 de junho, \u00e9 o Dia Internacional de A\u00e7\u00e3o da UITBB &#8211; Uni\u00e3o Internacional dos Sindicatos de Trabalhadores da Constru\u00e7\u00e3o, Madeira, Materiais de<br \/>\nConstru\u00e7\u00e3o e Ind\u00fastrias Aliadas.<\/p>\n<p>E, para este ano, dadas as circunst\u00e2ncias especiais de pandemia do coronav\u00edrus em que os trabalhadores (as) de todo o mundo se encontram, a UITBB decidiu dedicar o data \u00e0 Pandemia de COVID-19 e a Ind\u00fastria da Constru\u00e7\u00e3o.<\/p>\n<p>E principalmente como o capital e os governos conservadores se aproveitam da pandemia, para aumentar seus lucros e fazer os trabalhadores (a) pagarem pela crise.<\/p>\n<p>Por isso, a FLEMACON se une \u00e0 UITBB para convocar todas as nossas organiza\u00e7\u00f5es afiliadas e amigos na Am\u00e9rica Latina e Caribe, e em todo o mundo, a destacarem o Dia de A\u00e7\u00e3o Internacional da UITBB.<\/p>\n<p>Pedimos aos companheiros (as) o empenho para organizar as atividades, discuss\u00f5es e a\u00e7\u00f5es poss\u00edveis, presenciais ou virtualmente, para mostrar e sublinhar o forte sentido de solidariedade internacionalista do movimento sindical internacional de classe com trabalhadores da constru\u00e7\u00e3o em todo o mundo.<\/p>\n<p>Vamos mostrar tamb\u00e9m que n\u00e3o aceitaremos a explora\u00e7\u00e3o da pandemia para aprovar leis anti-trabalhistas e tirar nossos direitos.<\/p>\n<p>Solicitamos aos companheiros e companheiras das entidades sindicais filiadas \u00e0 FLEMACON, para nos enviarem fotos, v\u00eddeos e qualquer outro material de suas a\u00e7\u00f5es, para que possamos publicar nos sites da UITBB e da FLEMACON.<\/p>\n<p>Sauda\u00e7\u00f5es Sindicais,<\/p>\n<p>L\u00daCIA COSTA MAIA<br \/>\nPresidente da FLEMACON<\/p>\n<p>MANUEL FERNANDEZ<br \/>\nSecretario General<\/p>\n","protected":false},"excerpt":{"rendered":"<p>A FLEMACON divulgou nota convocando os Sindicatos e organiza\u00e7\u00f5es de trabalhadores (as) da Am\u00e9rica Latina e Caribe a se unirem na luta da UITBB por sa\u00fade, vacina j\u00e1, emprego e garantia dos direitos. Leia a nota da FLEMACON: 28 de junho &#8211; Dia de A\u00e7\u00e3o Internacional da UITBB, que tem como tema &#8220;A Pandemia da [&hellip;]<\/p>\n","protected":false},"author":2,"featured_media":4671,"comment_status":"open","ping_status":"open","sticky":false,"template":"","format":"standard","meta":{"_coblocks_attr":"","_coblocks_dimensions":"","_coblocks_responsive_height":"","_coblocks_accordion_ie_support":"","footnotes":""},"categories":[28,29,35],"tags":[],"class_list":{"0":"post-4667","1":"post","2":"type-post","3":"status-publish","4":"format-standard","5":"has-post-thumbnail","7":"category-america-latina","8":"category-mundo","9":"category-notas"},"translation":{"provider":"WPGlobus","version":"3.0.2","language":"pt","enabled_languages":["es","pt"],"languages":{"es":{"title":true,"content":true,"excerpt":false},"pt":{"title":true,"content":true,"excerpt":false}}},"_links":{"self":[{"href":"https:\/\/www.flemacon.org\/pt\/wp-json\/wp\/v2\/posts\/4667","targetHints":{"allow":["GET"]}}],"collection":[{"href":"https:\/\/www.flemacon.org\/pt\/wp-json\/wp\/v2\/posts"}],"about":[{"href":"https:\/\/www.flemacon.org\/pt\/wp-json\/wp\/v2\/types\/post"}],"author":[{"embeddable":true,"href":"https:\/\/www.flemacon.org\/pt\/wp-json\/wp\/v2\/users\/2"}],"replies":[{"embeddable":true,"href":"https:\/\/www.flemacon.org\/pt\/wp-json\/wp\/v2\/comments?post=4667"}],"version-history":[{"count":6,"href":"https:\/\/www.flemacon.org\/pt\/wp-json\/wp\/v2\/posts\/4667\/revisions"}],"predecessor-version":[{"id":4692,"href":"https:\/\/www.flemacon.org\/pt\/wp-json\/wp\/v2\/posts\/4667\/revisions\/4692"}],"wp:featuredmedia":[{"embeddable":true,"href":"https:\/\/www.flemacon.org\/pt\/wp-json\/wp\/v2\/media\/4671"}],"wp:attachment":[{"href":"https:\/\/www.flemacon.org\/pt\/wp-json\/wp\/v2\/media?parent=4667"}],"wp:term":[{"taxonomy":"category","embeddable":true,"href":"https:\/\/www.flemacon.org\/pt\/wp-json\/wp\/v2\/categories?post=4667"},{"taxonomy":"post_tag","embeddable":true,"href":"https:\/\/www.flemacon.org\/pt\/wp-json\/wp\/v2\/tags?post=4667"}],"curies":[{"name":"wp","href":"https:\/\/api.w.org\/{rel}","templated":true}]}}