{"id":4680,"date":"2021-06-27T22:51:00","date_gmt":"2021-06-27T22:51:00","guid":{"rendered":"https:\/\/www.flemacon.org\/?p=4680"},"modified":"2021-06-28T03:20:45","modified_gmt":"2021-06-28T03:20:45","slug":"viva-cuba-vitoria-na-onu-contra-o-bloqueio-dos-eeuu","status":"publish","type":"post","link":"https:\/\/www.flemacon.org\/pt\/2021\/06\/viva-cuba-vitoria-na-onu-contra-o-bloqueio-dos-eeuu\/","title":{"rendered":"Viva Cuba: Vit\u00f3ria na ONU contra o bloqueio dos EEUU"},"content":{"rendered":"<p>A FLEMACON sa\u00fada mais uma vez a vit\u00f3ria cubana na Assembleia Geral da ONU que, pela 29\u00ba vez, condenou o bloqueio genocida imposto ao pa\u00eds pelos EEUU.<\/p>\n<p>Uma vit\u00f3ria importante, quando Cuba apresenta ao mundo a efic\u00e1cia de suas vacinas contra a Covid-19, reafirmando seu compromisso com a salva\u00e7\u00e3o da humanidade.<\/p>\n<p>Foram 184 votos contra o embargo econ\u00f4mico, o que demonstra a import\u00e2ncia de Cuba, n\u00e3o s\u00f3 para Am\u00e9rica Latina e Caribe, mas tamb\u00e9m para o mundo.<\/p>\n<p>Mais uma vez EEUU e Israel ficaram isolados na defesa do bloqueio e o Brasil, Col\u00f4mbia e Ucr\u00e2nia se abstiveram.<\/p>\n<p>S\u00e3o totalmente conden\u00e1veis os danos causados \u00e0s fam\u00edlias cubanas por esse mecanismo hostil, unilateral do governo dos EEUU, principalmente no contexto da pandemia da Covid-19.<\/p>\n<p>Breve, com a queda de Bolsonaro, o Brasil voltar\u00e1 a apoiar Cuba nas vota\u00e7\u00f5es, esta \u00e9 sua tradi\u00e7\u00e3o.<\/p>\n<p>Com essa grande vit\u00f3ria, s\u00f3 podemos dizer: Viva Cuba e a luta continua!<\/p>\n<p>L\u00daCIA COSTA MAIA<br \/>\nPresidente da FLEMACON<\/p>\n<p>MANUEL FERNANEZ<br \/>\nSecretario Geral<\/p>\n","protected":false},"excerpt":{"rendered":"<p>A FLEMACON sa\u00fada mais uma vez a vit\u00f3ria cubana na Assembleia Geral da ONU que, pela 29\u00ba vez, condenou o bloqueio genocida imposto ao pa\u00eds pelos EEUU. Uma vit\u00f3ria importante, quando Cuba apresenta ao mundo a efic\u00e1cia de suas vacinas contra a Covid-19, reafirmando seu compromisso com a salva\u00e7\u00e3o da humanidade. Foram 184 votos contra [&hellip;]<\/p>\n","protected":false},"author":2,"featured_media":4681,"comment_status":"open","ping_status":"open","sticky":false,"template":"","format":"standard","meta":{"_coblocks_attr":"","_coblocks_dimensions":"","_coblocks_responsive_height":"","_coblocks_accordion_ie_support":"","footnotes":""},"categories":[28,29,35],"tags":[],"class_list":{"0":"post-4680","1":"post","2":"type-post","3":"status-publish","4":"format-standard","5":"has-post-thumbnail","7":"category-america-latina","8":"category-mundo","9":"category-notas"},"translation":{"provider":"WPGlobus","version":"3.0.2","language":"pt","enabled_languages":["es","pt"],"languages":{"es":{"title":true,"content":true,"excerpt":false},"pt":{"title":true,"content":true,"excerpt":false}}},"_links":{"self":[{"href":"https:\/\/www.flemacon.org\/pt\/wp-json\/wp\/v2\/posts\/4680","targetHints":{"allow":["GET"]}}],"collection":[{"href":"https:\/\/www.flemacon.org\/pt\/wp-json\/wp\/v2\/posts"}],"about":[{"href":"https:\/\/www.flemacon.org\/pt\/wp-json\/wp\/v2\/types\/post"}],"author":[{"embeddable":true,"href":"https:\/\/www.flemacon.org\/pt\/wp-json\/wp\/v2\/users\/2"}],"replies":[{"embeddable":true,"href":"https:\/\/www.flemacon.org\/pt\/wp-json\/wp\/v2\/comments?post=4680"}],"version-history":[{"count":3,"href":"https:\/\/www.flemacon.org\/pt\/wp-json\/wp\/v2\/posts\/4680\/revisions"}],"predecessor-version":[{"id":4684,"href":"https:\/\/www.flemacon.org\/pt\/wp-json\/wp\/v2\/posts\/4680\/revisions\/4684"}],"wp:featuredmedia":[{"embeddable":true,"href":"https:\/\/www.flemacon.org\/pt\/wp-json\/wp\/v2\/media\/4681"}],"wp:attachment":[{"href":"https:\/\/www.flemacon.org\/pt\/wp-json\/wp\/v2\/media?parent=4680"}],"wp:term":[{"taxonomy":"category","embeddable":true,"href":"https:\/\/www.flemacon.org\/pt\/wp-json\/wp\/v2\/categories?post=4680"},{"taxonomy":"post_tag","embeddable":true,"href":"https:\/\/www.flemacon.org\/pt\/wp-json\/wp\/v2\/tags?post=4680"}],"curies":[{"name":"wp","href":"https:\/\/api.w.org\/{rel}","templated":true}]}}