{"id":4945,"date":"2021-11-19T14:44:21","date_gmt":"2021-11-19T14:44:21","guid":{"rendered":"https:\/\/www.flemacon.org\/?p=4945"},"modified":"2021-11-19T19:00:48","modified_gmt":"2021-11-19T19:00:48","slug":"resolucoes-e-decisoes-finais-do-13o-encontro-regional-da-asia-pacifico-da-uitbb-migracao","status":"publish","type":"post","link":"https:\/\/www.flemacon.org\/pt\/2021\/11\/resolucoes-e-decisoes-finais-do-13o-encontro-regional-da-asia-pacifico-da-uitbb-migracao\/","title":{"rendered":"Resolu\u00e7\u00f5es e decis\u00f5es finais do 13\u00ba Encontro Regional da \u00c1sia-Pac\u00edfico da UITBB (MIGRA\u00c7\u00c3O)"},"content":{"rendered":"<p><img loading=\"lazy\" decoding=\"async\" class=\"alignnone wp-image-4948 size-medium\" src=\"https:\/\/www.flemacon.org\/wp-content\/uploads\/2021\/11\/Md-Zakir-Hossain-Litu-1-199x300.jpg\" alt=\"\" width=\"199\" height=\"300\" srcset=\"https:\/\/www.flemacon.org\/wp-content\/uploads\/2021\/11\/Md-Zakir-Hossain-Litu-1-199x300.jpg 199w, https:\/\/www.flemacon.org\/wp-content\/uploads\/2021\/11\/Md-Zakir-Hossain-Litu-1-278x420.jpg 278w, https:\/\/www.flemacon.org\/wp-content\/uploads\/2021\/11\/Md-Zakir-Hossain-Litu-1.jpg 484w\" sizes=\"auto, (max-width: 199px) 100vw, 199px\" \/><\/p>\n<p>Durante a sess\u00e3o de migra\u00e7\u00e3o, o camarada Mohammad Zakir Hossain Litu, secret\u00e1rio-geral do NCWF, fez o discurso introdut\u00f3rio.<\/p>\n<p>Resolu\u00e7\u00e3o \/ decis\u00e3o:<\/p>\n<p>Os participantes observam com grande preocupa\u00e7\u00e3o a cont\u00ednua perda de vidas de trabalhadores migrantes e suas fam\u00edlias, que fogem de seus pa\u00edses em busca de uma vida melhor, devido \u00e0s interven\u00e7\u00f5es imperialistas ou \u00e0 pobreza. No setor da constru\u00e7\u00e3o h\u00e1 atualmente um grande n\u00famero de trabalhadores migrantes, que s\u00e3o explorados por seus empregadores e usados \u200b\u200bcontra os trabalhadores locais para mant\u00ea-los divididos. Nem a migra\u00e7\u00e3o nem o estatuto de refugiado s\u00e3o uma escolha livre dos trabalhadores e das pessoas. Eles s\u00e3o o resultado da a\u00e7\u00e3o criminosa das for\u00e7as do capital e daqueles que os apoiam. \u00c9 claramente um problema de classe e devemos lutar para que os migrantes, como todos os trabalhadores, possam se unir ao movimento sindical e participar de todas as nossas lutas de classe. Os participantes reiteram que s\u00f3 existe uma classe trabalhadora e que todos fazemos parte dela, independentemente de considera\u00e7\u00f5es de cor, religi\u00e3o, idioma ou local de origem.<\/p>\n<p>Exigimos o fim total da explora\u00e7\u00e3o dos trabalhadores migrantes e condenamos as tentativas racistas e xen\u00f3fobas de dividir a classe trabalhadora. Exigimos uma integra\u00e7\u00e3o harmoniosa de nossos irm\u00e3os e irm\u00e3s de classe nas sociedades locais e nas lutas de classes. Os participantes tamb\u00e9m apoiam a cria\u00e7\u00e3o de programas educacionais especiais que ajudem a integra\u00e7\u00e3o dos trabalhadores migrantes no mercado de trabalho do pa\u00eds de acolhimento, para que possam aprender a l\u00edngua, ser informados sobre os seus direitos, etc. Finalmente, neste 13\u00ba Encontro \u00c1sia-Pac\u00edfico, destacamos a necessidade de uma coopera\u00e7\u00e3o estreita entre os sindicatos dos pa\u00edses de origem e dos pa\u00edses anfitri\u00f5es, a fim de coordenar melhor os esfor\u00e7os para informar e proteger os trabalhadores migrantes da viol\u00eancia.<\/p>\n<p>Leia mais no site da UITBB:<\/p>\n<p><a href=\"https:\/\/uitbb.org\/es\/resolution-of-uitbbs-13th-asia-pacific-meeting-on-migration\/\" target=\"_blank\" rel=\"noopener\">https:\/\/uitbb.org\/es\/resolution-of-uitbbs-13th-asia-pacific-meeting-on-migration\/<\/a><\/p>\n","protected":false},"excerpt":{"rendered":"<p>Durante a sess\u00e3o de migra\u00e7\u00e3o, o camarada Mohammad Zakir Hossain Litu, secret\u00e1rio-geral do NCWF, fez o discurso introdut\u00f3rio. Resolu\u00e7\u00e3o \/ decis\u00e3o: Os participantes observam com grande preocupa\u00e7\u00e3o a cont\u00ednua perda de vidas de trabalhadores migrantes e suas fam\u00edlias, que fogem de seus pa\u00edses em busca de uma vida melhor, devido \u00e0s interven\u00e7\u00f5es imperialistas ou \u00e0 [&hellip;]<\/p>\n","protected":false},"author":2,"featured_media":4938,"comment_status":"open","ping_status":"open","sticky":false,"template":"","format":"standard","meta":{"_coblocks_attr":"","_coblocks_dimensions":"","_coblocks_responsive_height":"","_coblocks_accordion_ie_support":"","footnotes":""},"categories":[28,31],"tags":[],"class_list":{"0":"post-4945","1":"post","2":"type-post","3":"status-publish","4":"format-standard","5":"has-post-thumbnail","7":"category-america-latina","8":"category-noticias-eventos"},"translation":{"provider":"WPGlobus","version":"3.0.2","language":"pt","enabled_languages":["es","pt"],"languages":{"es":{"title":true,"content":true,"excerpt":false},"pt":{"title":true,"content":true,"excerpt":false}}},"_links":{"self":[{"href":"https:\/\/www.flemacon.org\/pt\/wp-json\/wp\/v2\/posts\/4945","targetHints":{"allow":["GET"]}}],"collection":[{"href":"https:\/\/www.flemacon.org\/pt\/wp-json\/wp\/v2\/posts"}],"about":[{"href":"https:\/\/www.flemacon.org\/pt\/wp-json\/wp\/v2\/types\/post"}],"author":[{"embeddable":true,"href":"https:\/\/www.flemacon.org\/pt\/wp-json\/wp\/v2\/users\/2"}],"replies":[{"embeddable":true,"href":"https:\/\/www.flemacon.org\/pt\/wp-json\/wp\/v2\/comments?post=4945"}],"version-history":[{"count":6,"href":"https:\/\/www.flemacon.org\/pt\/wp-json\/wp\/v2\/posts\/4945\/revisions"}],"predecessor-version":[{"id":5092,"href":"https:\/\/www.flemacon.org\/pt\/wp-json\/wp\/v2\/posts\/4945\/revisions\/5092"}],"wp:featuredmedia":[{"embeddable":true,"href":"https:\/\/www.flemacon.org\/pt\/wp-json\/wp\/v2\/media\/4938"}],"wp:attachment":[{"href":"https:\/\/www.flemacon.org\/pt\/wp-json\/wp\/v2\/media?parent=4945"}],"wp:term":[{"taxonomy":"category","embeddable":true,"href":"https:\/\/www.flemacon.org\/pt\/wp-json\/wp\/v2\/categories?post=4945"},{"taxonomy":"post_tag","embeddable":true,"href":"https:\/\/www.flemacon.org\/pt\/wp-json\/wp\/v2\/tags?post=4945"}],"curies":[{"name":"wp","href":"https:\/\/api.w.org\/{rel}","templated":true}]}}