{"id":5093,"date":"2021-11-30T16:16:56","date_gmt":"2021-11-30T16:16:56","guid":{"rendered":"https:\/\/www.flemacon.org\/?p=5093"},"modified":"2022-01-31T15:36:27","modified_gmt":"2022-01-31T15:36:27","slug":"resolucao-da-13a-reuniao-asia-pacifico-da-uitbb-sobre-a-copa-do-mundo-no-catar-em-2022","status":"publish","type":"post","link":"https:\/\/www.flemacon.org\/pt\/2021\/11\/resolucao-da-13a-reuniao-asia-pacifico-da-uitbb-sobre-a-copa-do-mundo-no-catar-em-2022\/","title":{"rendered":"Resolu\u00e7\u00e3o da 13\u00aa Reuni\u00e3o \u00c1sia-Pac\u00edfico da UITBB sobre a Copa do Mundo no Catar em 2022"},"content":{"rendered":"<figure id=\"attachment_5096\" aria-describedby=\"caption-attachment-5096\" style=\"width: 300px\" class=\"wp-caption alignleft\"><img loading=\"lazy\" decoding=\"async\" class=\"wp-image-5096 size-medium\" src=\"https:\/\/www.flemacon.org\/wp-content\/uploads\/2021\/11\/\u0395\u03c5\u03c4\u03cd\u03c7\u03b9\u03bf\u03c2-\u03a0\u03b1\u03c0\u03b1\u03bc\u03b9\u03c7\u03b1\u03ae\u03bb-768x771-1-300x300.jpg\" alt=\"\" width=\"300\" height=\"300\" srcset=\"https:\/\/www.flemacon.org\/wp-content\/uploads\/2021\/11\/\u0395\u03c5\u03c4\u03cd\u03c7\u03b9\u03bf\u03c2-\u03a0\u03b1\u03c0\u03b1\u03bc\u03b9\u03c7\u03b1\u03ae\u03bb-768x771-1-300x300.jpg 300w, https:\/\/www.flemacon.org\/wp-content\/uploads\/2021\/11\/\u0395\u03c5\u03c4\u03cd\u03c7\u03b9\u03bf\u03c2-\u03a0\u03b1\u03c0\u03b1\u03bc\u03b9\u03c7\u03b1\u03ae\u03bb-768x771-1-150x150.jpg 150w, https:\/\/www.flemacon.org\/wp-content\/uploads\/2021\/11\/\u0395\u03c5\u03c4\u03cd\u03c7\u03b9\u03bf\u03c2-\u03a0\u03b1\u03c0\u03b1\u03bc\u03b9\u03c7\u03b1\u03ae\u03bb-768x771-1-696x699.jpg 696w, https:\/\/www.flemacon.org\/wp-content\/uploads\/2021\/11\/\u0395\u03c5\u03c4\u03cd\u03c7\u03b9\u03bf\u03c2-\u03a0\u03b1\u03c0\u03b1\u03bc\u03b9\u03c7\u03b1\u03ae\u03bb-768x771-1-418x420.jpg 418w, https:\/\/www.flemacon.org\/wp-content\/uploads\/2021\/11\/\u0395\u03c5\u03c4\u03cd\u03c7\u03b9\u03bf\u03c2-\u03a0\u03b1\u03c0\u03b1\u03bc\u03b9\u03c7\u03b1\u03ae\u03bb-768x771-1.jpg 768w\" sizes=\"auto, (max-width: 300px) 100vw, 300px\" \/><figcaption id=\"caption-attachment-5096\" class=\"wp-caption-text\">Na sess\u00e3o, o camarada Eftychios Papamichael (foto), do Chipre, fez o discurso introdut\u00f3rio.<\/figcaption><\/figure>\n<p>Os participantes denunciam que nos canteiros de obras da Copa de Futebol h\u00e1 dezenas de milhares de trabalhadores migrantes, que s\u00e3o v\u00edtimas de pr\u00e1ticas selvagens que violam seus direitos humanos b\u00e1sicos.<\/p>\n<p>As condi\u00e7\u00f5es que cercam os trabalhadores migrantes nos canteiros de obras s\u00e3o desumanas, pois trabalham 12 horas por dia, sem medidas de sa\u00fade e seguran\u00e7a, sob temperaturas incrivelmente altas no deserto do Catar, morrendo por falta de medidas de sa\u00fade e seguran\u00e7a.<\/p>\n<p>Exigimos que a FIFA, o Comit\u00ea Organizador da Copa do Mundo do Catar 2022 e o Governo do Catar, bem como todos os \u00f3rg\u00e3os internacionais relevantes, intervenham imediatamente e acabem com a explora\u00e7\u00e3o de trabalhadores migrantes de Bangladesh, \u00cdndia e Nepal, pois isso constitui nada menos do que os dias modernos escravid\u00e3o.<\/p>\n<p>Reiteramos nosso apoio \u00e0 campanha internacional da UITBB com o lema &#8220;N\u00e3o construa est\u00e1dios com o sangue dos trabalhadores&#8221;. E nos comprometemos a intensificar nossos esfor\u00e7os para denunciar este problema perante todos os \u00f3rg\u00e3os correspondentes de nossos respectivos pa\u00edses e regi\u00f5es, para exercer a m\u00e1xima press\u00e3o sobre este objetivo.<\/p>\n","protected":false},"excerpt":{"rendered":"<p>Os participantes denunciam que nos canteiros de obras da Copa de Futebol h\u00e1 dezenas de milhares de trabalhadores migrantes, que s\u00e3o v\u00edtimas de pr\u00e1ticas selvagens que violam seus direitos humanos b\u00e1sicos. As condi\u00e7\u00f5es que cercam os trabalhadores migrantes nos canteiros de obras s\u00e3o desumanas, pois trabalham 12 horas por dia, sem medidas de sa\u00fade e [&hellip;]<\/p>\n","protected":false},"author":2,"featured_media":5127,"comment_status":"open","ping_status":"open","sticky":false,"template":"","format":"standard","meta":{"_coblocks_attr":"","_coblocks_dimensions":"","_coblocks_responsive_height":"","_coblocks_accordion_ie_support":"","footnotes":""},"categories":[28,29,31,34],"tags":[],"class_list":{"0":"post-5093","1":"post","2":"type-post","3":"status-publish","4":"format-standard","5":"has-post-thumbnail","7":"category-america-latina","8":"category-mundo","9":"category-noticias-eventos","10":"category-resolucoes"},"translation":{"provider":"WPGlobus","version":"3.0.2","language":"pt","enabled_languages":["es","pt"],"languages":{"es":{"title":true,"content":true,"excerpt":false},"pt":{"title":true,"content":true,"excerpt":false}}},"_links":{"self":[{"href":"https:\/\/www.flemacon.org\/pt\/wp-json\/wp\/v2\/posts\/5093","targetHints":{"allow":["GET"]}}],"collection":[{"href":"https:\/\/www.flemacon.org\/pt\/wp-json\/wp\/v2\/posts"}],"about":[{"href":"https:\/\/www.flemacon.org\/pt\/wp-json\/wp\/v2\/types\/post"}],"author":[{"embeddable":true,"href":"https:\/\/www.flemacon.org\/pt\/wp-json\/wp\/v2\/users\/2"}],"replies":[{"embeddable":true,"href":"https:\/\/www.flemacon.org\/pt\/wp-json\/wp\/v2\/comments?post=5093"}],"version-history":[{"count":3,"href":"https:\/\/www.flemacon.org\/pt\/wp-json\/wp\/v2\/posts\/5093\/revisions"}],"predecessor-version":[{"id":5098,"href":"https:\/\/www.flemacon.org\/pt\/wp-json\/wp\/v2\/posts\/5093\/revisions\/5098"}],"wp:featuredmedia":[{"embeddable":true,"href":"https:\/\/www.flemacon.org\/pt\/wp-json\/wp\/v2\/media\/5127"}],"wp:attachment":[{"href":"https:\/\/www.flemacon.org\/pt\/wp-json\/wp\/v2\/media?parent=5093"}],"wp:term":[{"taxonomy":"category","embeddable":true,"href":"https:\/\/www.flemacon.org\/pt\/wp-json\/wp\/v2\/categories?post=5093"},{"taxonomy":"post_tag","embeddable":true,"href":"https:\/\/www.flemacon.org\/pt\/wp-json\/wp\/v2\/tags?post=5093"}],"curies":[{"name":"wp","href":"https:\/\/api.w.org\/{rel}","templated":true}]}}