{"id":6188,"date":"2022-12-06T18:30:07","date_gmt":"2022-12-06T18:30:07","guid":{"rendered":"https:\/\/www.flemacon.org\/?p=6188"},"modified":"2025-10-13T15:33:16","modified_gmt":"2025-10-13T15:33:16","slug":"resolucao-do-4-congresso-da-flemacon-de-2-a-4-de-dezembro-santiago-do-chile","status":"publish","type":"post","link":"https:\/\/www.flemacon.org\/pt\/2022\/12\/resolucao-do-4-congresso-da-flemacon-de-2-a-4-de-dezembro-santiago-do-chile\/","title":{"rendered":"Resolu\u00e7\u00e3o do 4\u00b0 Congresso da FLEMACON, de 2 a 4 de Dezembro 2022, Santiago do Chile"},"content":{"rendered":"<p>4\u00ba CONGRESO LATINOAMERICANO Y EL CARIBE DE LA CONSTRUCCI\u00d3N Y LA MADERA &#8211; FLEMACON<\/p>\n<p>Santiago de Chile 2022.\u00a0Siendo las 19:00 horas del 3 de diciembre del 2022 en Santiago de Chile, la secretaria redactora de resoluciones en plenaria del 4to congreso FLEMACON; los Compa\u00f1eros Juan Francisco Jara Mena CNTCh y Manuel de Jesus Fern\u00e1ndez Legu\u00eda, SUTIMAC, leen la propuesta de resoluci\u00f3n y anotan las observaciones de los distintos dirigentes de sindicatos latinoamericanos y el caribe participantes del 4to congreso FLEMACON-Chile, donde en unanimidad aprueban la siguiente resoluci\u00f3n:<\/p>\n<p>1) Solidarizar con el pueblo Cubano con un voto pol\u00edtico y sentenciar el criminal y terrorista bloqueo econ\u00f3mico de parte de la administraci\u00f3n de Estados Unidos que ha perjudicado por m\u00e1s de 62 a\u00f1os al aguerrido pueblo de Cuba.<\/p>\n<p>2) Solidarizamos con los dirigentes Colombianos, en caso particular del dirigente Hector Cardona presidente De Sutimac Bello Colombia, quienes son v\u00edctimas de persecuci\u00f3n, amenazas, secuestro y muertes por parte de terroristas que atentan contra la libertad sindical de dirigentes-dirigentas, y los derechos fundamentales de los trabajadores y trabajadoras.<\/p>\n<p>3) Se establece conmemorar fechas emblem\u00e1ticas de nuestros m\u00e1rtires de la construcci\u00f3n de Am\u00e9ricalatina y el Caribe.<\/p>\n<p>4) Solidarizar con un comunicado por las v\u00edctimas fatales de la construcci\u00f3n, que ocurren en el continente y esta vez en el mundo, por ejemplo, los 6500 muertos en la construcci\u00f3n de los estadios de Qatar.<\/p>\n<p>5) Fortalecer la lucha por la amazon\u00eda, la protecci\u00f3n del medio ambiente y nuestros recursos naturales para enfrentar el efecto invernadero y el calentamiento global.<\/p>\n<p>6) Unidos nos sumamos el 10 de diciembre 2022 al d\u00eda internacional de los DDHH, sentenciando la violencia de g\u00e9nero y v\u00edctimas de la inseguridad laboral, para esto, realizaremos un seminario en salud y seguridad en el trabajo, instancia en la cual se compartir\u00e1 la experiencia de los distintos pa\u00edses.<\/p>\n<p>7) Fortalecer la denuncia p\u00fablica de los parlamentarios rastreros que ejercen como funcionarios de oligarcas y burgueses, que atentan contra la libertad sindical y sus derechos fundamentales.<\/p>\n<p>8) Fortalecer los sistemas de comunicaci\u00f3n, informaci\u00f3n y redes sociales clasistas.<\/p>\n<p>9) Fortalecer la escuela de educaci\u00f3n sindical de cuadros en Am\u00e9rica Latina y el caribe.<\/p>\n<p>10) Fortalecer una Proyecci\u00f3n de un balance econ\u00f3mico anual para financiar FLEMACON.<\/p>\n<p>4to CONGRESO LATINOAMERICANO Y EL CARIBE DE LA CONSTRUCCI\u00d3N Y\u00a0LA MADERA. Santiago de Chile 2022.<\/p>\n<p>11) Pr\u00f3xima reuni\u00f3n ejecutiva FLEMACON a realizarse en Uruguay, febrero 2023.<\/p>\n<p>12) Realizar coordinadas acciones FLEMACON-UITBB para fortalecer Am\u00e9rica Latina y el<br \/>\nCaribe.<\/p>\n<p>13) Los cargos elegidos son:<\/p>\n<p>Presidenta Lucia Costa Maia, CTB.<br \/>\nPresidente adjunto Pedro Mesquita Forte. Sin.do Marceneiros SP. Brasil.<br \/>\nVicepresidente Manuel de Jesus Fern\u00e1ndez Leguia. SUTIMAC, Colombia<br \/>\nVicepresidente adjunto, Venezuela (dirigente por Confirmar)<br \/>\nSecretario General Jos\u00e9 Santos Hern\u00e1ndez. CNTCh, Chile.<br \/>\nSecretario Adjunto Jorge Hern\u00e1ndez Silva. SINTEC, Chile.<br \/>\nEducaci\u00f3n y Formaci\u00f3n Misael Rodr\u00edguez Llanes, SNTC, Cuba y Daniel Div\u00e9rio, SUNCA, Uruguay.<br \/>\nComunicaci\u00f3n, John Oliver Cruz Mauricio, FTCCP, Per\u00fa.<\/p>\n<p>Unidos fortalecemos las organizaciones sindicales para avanzar junto a los trabajadores y enfrentar las futuras luchas de FLEMACON, base de nuestra UITBB, seguimos una l\u00ednea clasista con la t\u00e1ctica y la estrategia particular de cada organizaci\u00f3n sindical, garantizando el crecimiento y fortalecimiento de FLEMACON, entendemos que el enemigo es en com\u00fan, y nos uniremos en la diversidad y particularidad para avanzar contra el neoliberalismo, debemos frenar el avance del fascismo, hoy d\u00eda, en el 4to congreso FLEMACON-CHILE, podemos decir que hay m\u00e1s afiliados y m\u00e1s trabajadores en unidad en la regi\u00f3n.<\/p>\n<p>Este 4to congreso FLEMACON, se fundament\u00f3 en la participaci\u00f3n que realzan los elementos ideol\u00f3gicos y pol\u00edticos de clase.<\/p>\n<p>\u201cUNIDOS PARA FORTALECER Y AVANZAR EN LA LUCHA\u201d. \u00a1\u00a1\u00a1VIVA LATINOAMERICA Y EL CARIBE UNIDOS!!!<br \/>\n\u00a1\u00a1\u00a1VIVA FLEMACON!!!<\/p>\n<p>Santiago de Chile, 2, 3 y 4 de diciembre del 2022.<\/p>\n<p>L\u00daCIA COSTA MAIA<br \/>\nPresidente de FLEMACON<\/p>\n","protected":false},"excerpt":{"rendered":"<p>4\u00ba CONGRESO LATINOAMERICANO Y EL CARIBE DE LA CONSTRUCCI\u00d3N Y LA MADERA &#8211; FLEMACON Santiago de Chile 2022.\u00a0Siendo las 19:00 horas del 3 de diciembre del 2022 en Santiago de Chile, la secretaria redactora de resoluciones en plenaria del 4to congreso FLEMACON; los Compa\u00f1eros Juan Francisco Jara Mena CNTCh y Manuel de Jesus Fern\u00e1ndez Legu\u00eda, [&hellip;]<\/p>\n","protected":false},"author":2,"featured_media":6018,"comment_status":"open","ping_status":"open","sticky":false,"template":"","format":"standard","meta":{"_coblocks_attr":"","_coblocks_dimensions":"","_coblocks_responsive_height":"","_coblocks_accordion_ie_support":"","footnotes":""},"categories":[28,32,34],"tags":[],"class_list":{"0":"post-6188","1":"post","2":"type-post","3":"status-publish","4":"format-standard","5":"has-post-thumbnail","7":"category-america-latina","8":"category-documentos","9":"category-resolucoes"},"translation":{"provider":"WPGlobus","version":"3.0.2","language":"pt","enabled_languages":["es","pt"],"languages":{"es":{"title":true,"content":true,"excerpt":false},"pt":{"title":true,"content":true,"excerpt":false}}},"_links":{"self":[{"href":"https:\/\/www.flemacon.org\/pt\/wp-json\/wp\/v2\/posts\/6188","targetHints":{"allow":["GET"]}}],"collection":[{"href":"https:\/\/www.flemacon.org\/pt\/wp-json\/wp\/v2\/posts"}],"about":[{"href":"https:\/\/www.flemacon.org\/pt\/wp-json\/wp\/v2\/types\/post"}],"author":[{"embeddable":true,"href":"https:\/\/www.flemacon.org\/pt\/wp-json\/wp\/v2\/users\/2"}],"replies":[{"embeddable":true,"href":"https:\/\/www.flemacon.org\/pt\/wp-json\/wp\/v2\/comments?post=6188"}],"version-history":[{"count":6,"href":"https:\/\/www.flemacon.org\/pt\/wp-json\/wp\/v2\/posts\/6188\/revisions"}],"predecessor-version":[{"id":11645,"href":"https:\/\/www.flemacon.org\/pt\/wp-json\/wp\/v2\/posts\/6188\/revisions\/11645"}],"wp:featuredmedia":[{"embeddable":true,"href":"https:\/\/www.flemacon.org\/pt\/wp-json\/wp\/v2\/media\/6018"}],"wp:attachment":[{"href":"https:\/\/www.flemacon.org\/pt\/wp-json\/wp\/v2\/media?parent=6188"}],"wp:term":[{"taxonomy":"category","embeddable":true,"href":"https:\/\/www.flemacon.org\/pt\/wp-json\/wp\/v2\/categories?post=6188"},{"taxonomy":"post_tag","embeddable":true,"href":"https:\/\/www.flemacon.org\/pt\/wp-json\/wp\/v2\/tags?post=6188"}],"curies":[{"name":"wp","href":"https:\/\/api.w.org\/{rel}","templated":true}]}}