{"id":6344,"date":"2023-03-08T10:23:46","date_gmt":"2023-03-08T10:23:46","guid":{"rendered":"https:\/\/www.flemacon.org\/?p=6344"},"modified":"2023-03-08T13:30:59","modified_gmt":"2023-03-08T13:30:59","slug":"declaracao-da-uitbb-no-dia-internacional-da-mulher-2023","status":"publish","type":"post","link":"https:\/\/www.flemacon.org\/pt\/2023\/03\/declaracao-da-uitbb-no-dia-internacional-da-mulher-2023\/","title":{"rendered":"Declara\u00e7\u00e3o da UITBB no Dia Internacional da Mulher 2023"},"content":{"rendered":"<p>O Sindicato Internacional dos Trabalhadores da Constru\u00e7\u00e3o, Madeira, Materiais de Constru\u00e7\u00e3o e Ind\u00fastrias Afins UITBB, neste dia t\u00e3o especial, celebra e sa\u00fada o Dia Internacional da Mulher 2023, fazendo mais uma vez a promessa de que dentro do esp\u00edrito militante que o caracteriza, continuar\u00e1 a lutam dia a dia para melhorar as condi\u00e7\u00f5es de vida e de trabalho das mulheres.<\/p>\n<p>Gostar\u00edamos de estender nossas sauda\u00e7\u00f5es militantes e respeito especial \u00e0s m\u00e3es, esposas, filhas e irm\u00e3s das pessoas que est\u00e3o perdendo suas vidas na Ucr\u00e2nia, que perderam suas vidas nos terremotos na Turquia e na S\u00edria, que perderam suas vidas em Gr\u00e9cia ap\u00f3s o acidente ferrovi\u00e1rio, bem como todos aqueles que sofrem por causas t\u00e3o injustas.<\/p>\n<p>Essas cat\u00e1strofes e guerras mostram a verdadeira face do capitalismo, que coloca o lucro acima da qualidade da constru\u00e7\u00e3o ou da seguran\u00e7a das ferrovias, e do imperialismo, que provoca guerras em todo o mundo para mudar as fronteiras, controlar todos os recursos e destruir a vida dos povos.<\/p>\n<p>Nestas circunst\u00e2ncias, a UITBB continuar\u00e1 a promover quest\u00f5es relacionadas com as mulheres e especialmente as mulheres na ind\u00fastria da constru\u00e7\u00e3o, como a equidade, a igualdade, a licen\u00e7a de maternidade, a disparidade salarial entre homens e mulheres, o ass\u00e9dio sexual no trabalho para a sua plena emancipa\u00e7\u00e3o.<\/p>\n<p>Convocamos todas as organiza\u00e7\u00f5es membros da UITBB a observar o dia e organizar atividades para promover os problemas enfrentados pelas mulheres trabalhadoras em todo o mundo, como licen\u00e7a-maternidade, disparidade salarial entre homens e mulheres, ass\u00e9dio sexual no trabalho, rumo \u00e0 sua plena emancipa\u00e7\u00e3o.<\/p>\n<p>Saudamos e honramos os sacrif\u00edcios das mulheres em todo o mundo, reafirmamos nossa solidariedade internacional e prometemos que sempre lutaremos lado a lado com elas por um mundo melhor em que suas necessidades contempor\u00e2neas sejam plenamente atendidas.<\/p>\n<p>Michalis Papanikolaou<\/p>\n<p>Secret\u00e1rio Geral da UITBB<\/p>\n","protected":false},"excerpt":{"rendered":"<p>O Sindicato Internacional dos Trabalhadores da Constru\u00e7\u00e3o, Madeira, Materiais de Constru\u00e7\u00e3o e Ind\u00fastrias Afins UITBB, neste dia t\u00e3o especial, celebra e sa\u00fada o Dia Internacional da Mulher 2023, fazendo mais uma vez a promessa de que dentro do esp\u00edrito militante que o caracteriza, continuar\u00e1 a lutam dia a dia para melhorar as condi\u00e7\u00f5es de vida [&hellip;]<\/p>\n","protected":false},"author":2,"featured_media":6347,"comment_status":"open","ping_status":"open","sticky":false,"template":"","format":"standard","meta":{"_coblocks_attr":"","_coblocks_dimensions":"","_coblocks_responsive_height":"","_coblocks_accordion_ie_support":"","footnotes":""},"categories":[29,35,31],"tags":[44,47,46,41],"class_list":{"0":"post-6344","1":"post","2":"type-post","3":"status-publish","4":"format-standard","5":"has-post-thumbnail","7":"category-mundo","8":"category-notas","9":"category-noticias-eventos","10":"tag-michalis-papanikolaou","11":"tag-mujer","12":"tag-mulher","13":"tag-uitbb"},"translation":{"provider":"WPGlobus","version":"3.0.2","language":"pt","enabled_languages":["es","pt"],"languages":{"es":{"title":true,"content":true,"excerpt":false},"pt":{"title":true,"content":true,"excerpt":false}}},"_links":{"self":[{"href":"https:\/\/www.flemacon.org\/pt\/wp-json\/wp\/v2\/posts\/6344","targetHints":{"allow":["GET"]}}],"collection":[{"href":"https:\/\/www.flemacon.org\/pt\/wp-json\/wp\/v2\/posts"}],"about":[{"href":"https:\/\/www.flemacon.org\/pt\/wp-json\/wp\/v2\/types\/post"}],"author":[{"embeddable":true,"href":"https:\/\/www.flemacon.org\/pt\/wp-json\/wp\/v2\/users\/2"}],"replies":[{"embeddable":true,"href":"https:\/\/www.flemacon.org\/pt\/wp-json\/wp\/v2\/comments?post=6344"}],"version-history":[{"count":3,"href":"https:\/\/www.flemacon.org\/pt\/wp-json\/wp\/v2\/posts\/6344\/revisions"}],"predecessor-version":[{"id":6349,"href":"https:\/\/www.flemacon.org\/pt\/wp-json\/wp\/v2\/posts\/6344\/revisions\/6349"}],"wp:featuredmedia":[{"embeddable":true,"href":"https:\/\/www.flemacon.org\/pt\/wp-json\/wp\/v2\/media\/6347"}],"wp:attachment":[{"href":"https:\/\/www.flemacon.org\/pt\/wp-json\/wp\/v2\/media?parent=6344"}],"wp:term":[{"taxonomy":"category","embeddable":true,"href":"https:\/\/www.flemacon.org\/pt\/wp-json\/wp\/v2\/categories?post=6344"},{"taxonomy":"post_tag","embeddable":true,"href":"https:\/\/www.flemacon.org\/pt\/wp-json\/wp\/v2\/tags?post=6344"}],"curies":[{"name":"wp","href":"https:\/\/api.w.org\/{rel}","templated":true}]}}