{"id":6376,"date":"2023-03-15T19:20:23","date_gmt":"2023-03-15T19:20:23","guid":{"rendered":"https:\/\/www.flemacon.org\/?p=6376"},"modified":"2023-03-15T23:23:51","modified_gmt":"2023-03-15T23:23:51","slug":"colombia-16-de-marco-nos-vemos-nas-ruas","status":"publish","type":"post","link":"https:\/\/www.flemacon.org\/pt\/2023\/03\/colombia-16-de-marco-nos-vemos-nas-ruas\/","title":{"rendered":"Col\u00f4mbia: 16 de Mar\u00e7o nos vemos nas ruas!"},"content":{"rendered":"<p><!--more-->#GobiernoDelCambio<\/p>\n<p>Desde a nossa luta sindical classista continuamos a apoiar o governo de Gustavo Petro e Francia Marquez.<\/p>\n<p>Na rua ao lado da aldeia e da classe historicamente explorada e marginalizada vamos conseguir iniciar o longo caminho da constru\u00e7\u00e3o da Justi\u00e7a Social.<\/p>\n<p>NOS VEMOS NAS RUAS!<\/p>\n<p>#CUT Colombia<br \/>\n#Flemacon Latino Americana<br \/>\n#UITBB &#8211; International Construction Union<br \/>\n#FSM Federa\u00e7\u00e3o Sindical Mundial do Chile<br \/>\n#Gustavo Petro<br \/>\n#Francia M\u00e1rquez<br \/>\n#Colombia<\/p>\n","protected":false},"excerpt":{"rendered":"","protected":false},"author":2,"featured_media":6381,"comment_status":"open","ping_status":"open","sticky":false,"template":"","format":"standard","meta":{"_coblocks_attr":"","_coblocks_dimensions":"","_coblocks_responsive_height":"","_coblocks_accordion_ie_support":"","footnotes":""},"categories":[28,31],"tags":[50,45,48,49,41],"class_list":{"0":"post-6376","1":"post","2":"type-post","3":"status-publish","4":"format-standard","5":"has-post-thumbnail","7":"category-america-latina","8":"category-noticias-eventos","9":"tag-colombia","10":"tag-flemacon","11":"tag-fsm","12":"tag-sutimac","13":"tag-uitbb"},"translation":{"provider":"WPGlobus","version":"3.0.2","language":"pt","enabled_languages":["es","pt"],"languages":{"es":{"title":true,"content":true,"excerpt":false},"pt":{"title":true,"content":true,"excerpt":false}}},"_links":{"self":[{"href":"https:\/\/www.flemacon.org\/pt\/wp-json\/wp\/v2\/posts\/6376","targetHints":{"allow":["GET"]}}],"collection":[{"href":"https:\/\/www.flemacon.org\/pt\/wp-json\/wp\/v2\/posts"}],"about":[{"href":"https:\/\/www.flemacon.org\/pt\/wp-json\/wp\/v2\/types\/post"}],"author":[{"embeddable":true,"href":"https:\/\/www.flemacon.org\/pt\/wp-json\/wp\/v2\/users\/2"}],"replies":[{"embeddable":true,"href":"https:\/\/www.flemacon.org\/pt\/wp-json\/wp\/v2\/comments?post=6376"}],"version-history":[{"count":4,"href":"https:\/\/www.flemacon.org\/pt\/wp-json\/wp\/v2\/posts\/6376\/revisions"}],"predecessor-version":[{"id":6383,"href":"https:\/\/www.flemacon.org\/pt\/wp-json\/wp\/v2\/posts\/6376\/revisions\/6383"}],"wp:featuredmedia":[{"embeddable":true,"href":"https:\/\/www.flemacon.org\/pt\/wp-json\/wp\/v2\/media\/6381"}],"wp:attachment":[{"href":"https:\/\/www.flemacon.org\/pt\/wp-json\/wp\/v2\/media?parent=6376"}],"wp:term":[{"taxonomy":"category","embeddable":true,"href":"https:\/\/www.flemacon.org\/pt\/wp-json\/wp\/v2\/categories?post=6376"},{"taxonomy":"post_tag","embeddable":true,"href":"https:\/\/www.flemacon.org\/pt\/wp-json\/wp\/v2\/tags?post=6376"}],"curies":[{"name":"wp","href":"https:\/\/api.w.org\/{rel}","templated":true}]}}