{"id":6385,"date":"2023-03-17T17:54:37","date_gmt":"2023-03-17T17:54:37","guid":{"rendered":"https:\/\/www.flemacon.org\/?p=6385"},"modified":"2023-03-17T21:07:53","modified_gmt":"2023-03-17T21:07:53","slug":"brasil-sintracom-ba-celebra-104-anos-de-lutas-e-dia-dos-trabalhadores-da-construcao-civil","status":"publish","type":"post","link":"https:\/\/www.flemacon.org\/pt\/2023\/03\/brasil-sintracom-ba-celebra-104-anos-de-lutas-e-dia-dos-trabalhadores-da-construcao-civil\/","title":{"rendered":"Brasil: Sintracom-BA celebra 104 anos de lutas e Dia dos Trabalhadores da Constru\u00e7\u00e3o Civil"},"content":{"rendered":"<p class=\"p1\"><span class=\"s1\">Sintracom-BA: 104 anos de lutas!<\/span><\/p>\n<p class=\"p1\"><span class=\"s2\">O Sindicato dos Trabalhadores na Ind\u00fastria da Constru\u00e7\u00e3o e da Madeira no Estado da Bahia &#8211; Sintracom-BA foi fundado em 19 de mar\u00e7o de 1919, inspirado nas lutas socialistas da R\u00fassia.<\/span><\/p>\n<p class=\"p1\"><span class=\"s2\">E completa 104 anos neste domingo (19\/03), quando tamb\u00e9m celebra o Dia dos Trabalhadores e Trabalhadoras da Constru\u00e7\u00e3o Civil da Bahia, feriado da categoria determinado na Conven\u00e7\u00e3o Coletiva de Trabalho, uma conquista hist\u00f3rica fruto da luta da dire\u00e7\u00e3o classista.<\/span><\/p>\n<p class=\"p1\"><span class=\"s2\">Para marcar essa data importante, o presidente Carlos Silva e a diretoria do Sintracom-BA juntamente com a Fetracom-BASE, Flemacon, CTB, demais entidades de classe se re\u00fanem com trabalhadores (as) para comemorar, no audit\u00f3rio da sede do Sindicato, neste s\u00e1bado, dia 18\/03, a partir das 9 horas.<\/span><\/p>\n<p class=\"p1\"><span class=\"s2\">A presidenta da Flemacon, Lucia Maia, lembra que o Sintracom-BA j\u00e1 nasceu na luta e resist\u00eancia: depois de 70 dias de sua funda\u00e7\u00e3o, liderou uma greve pela redu\u00e7\u00e3o da exaustiva jornada de trabalho, para oito horas por dia. Participou de lutas hist\u00f3ricas pela liberdade de organiza\u00e7\u00e3o sindical, aumento de sal\u00e1rios, isonomia salarial entre homens e mulheres com as mesmas fun\u00e7\u00f5es e aboli\u00e7\u00e3o do trabalho infantil.<\/span><\/p>\n<p class=\"p1\"><span class=\"s2\">Enfrentou ditaduras civil e militar, interven\u00e7\u00f5es federais, teve dirigentes perseguidos e presos, organizou greves e movimentos hist\u00f3ricos, como a chamada Revolta dos Pe\u00f5es, em 1989, que mobilizou os trabalhadores e trabalhadoras em todo o estado, por aumento de sal\u00e1rios e melhorias de condi\u00e7\u00f5es. Liderou lutas por conquistas importantes para a categoria e tem participa\u00e7\u00e3o ativa nas lutas pela democracia e a soberania dos povos.<\/span><\/p>\n<p class=\"p1\"><span class=\"s2\">Viva os 104 anos do Sintracom-BA!<\/span><\/p>\n<p><img loading=\"lazy\" decoding=\"async\" class=\"alignnone size-medium wp-image-6387\" src=\"https:\/\/www.flemacon.org\/wp-content\/uploads\/2023\/03\/86688EED-DA7B-4740-81C9-293D271B2003-208x300.jpeg\" alt=\"\" width=\"208\" height=\"300\" srcset=\"https:\/\/www.flemacon.org\/wp-content\/uploads\/2023\/03\/86688EED-DA7B-4740-81C9-293D271B2003-208x300.jpeg 208w, https:\/\/www.flemacon.org\/wp-content\/uploads\/2023\/03\/86688EED-DA7B-4740-81C9-293D271B2003-291x420.jpeg 291w, https:\/\/www.flemacon.org\/wp-content\/uploads\/2023\/03\/86688EED-DA7B-4740-81C9-293D271B2003.jpeg 640w\" sizes=\"auto, (max-width: 208px) 100vw, 208px\" \/><\/p>\n","protected":false},"excerpt":{"rendered":"<p>Sintracom-BA: 104 anos de lutas! O Sindicato dos Trabalhadores na Ind\u00fastria da Constru\u00e7\u00e3o e da Madeira no Estado da Bahia &#8211; Sintracom-BA foi fundado em 19 de mar\u00e7o de 1919, inspirado nas lutas socialistas da R\u00fassia. E completa 104 anos neste domingo (19\/03), quando tamb\u00e9m celebra o Dia dos Trabalhadores e Trabalhadoras da Constru\u00e7\u00e3o Civil [&hellip;]<\/p>\n","protected":false},"author":2,"featured_media":6388,"comment_status":"open","ping_status":"open","sticky":false,"template":"","format":"standard","meta":{"_coblocks_attr":"","_coblocks_dimensions":"","_coblocks_responsive_height":"","_coblocks_accordion_ie_support":"","footnotes":""},"categories":[28,31],"tags":[],"class_list":{"0":"post-6385","1":"post","2":"type-post","3":"status-publish","4":"format-standard","5":"has-post-thumbnail","7":"category-america-latina","8":"category-noticias-eventos"},"translation":{"provider":"WPGlobus","version":"3.0.2","language":"pt","enabled_languages":["es","pt"],"languages":{"es":{"title":true,"content":true,"excerpt":false},"pt":{"title":true,"content":true,"excerpt":false}}},"_links":{"self":[{"href":"https:\/\/www.flemacon.org\/pt\/wp-json\/wp\/v2\/posts\/6385","targetHints":{"allow":["GET"]}}],"collection":[{"href":"https:\/\/www.flemacon.org\/pt\/wp-json\/wp\/v2\/posts"}],"about":[{"href":"https:\/\/www.flemacon.org\/pt\/wp-json\/wp\/v2\/types\/post"}],"author":[{"embeddable":true,"href":"https:\/\/www.flemacon.org\/pt\/wp-json\/wp\/v2\/users\/2"}],"replies":[{"embeddable":true,"href":"https:\/\/www.flemacon.org\/pt\/wp-json\/wp\/v2\/comments?post=6385"}],"version-history":[{"count":4,"href":"https:\/\/www.flemacon.org\/pt\/wp-json\/wp\/v2\/posts\/6385\/revisions"}],"predecessor-version":[{"id":6391,"href":"https:\/\/www.flemacon.org\/pt\/wp-json\/wp\/v2\/posts\/6385\/revisions\/6391"}],"wp:featuredmedia":[{"embeddable":true,"href":"https:\/\/www.flemacon.org\/pt\/wp-json\/wp\/v2\/media\/6388"}],"wp:attachment":[{"href":"https:\/\/www.flemacon.org\/pt\/wp-json\/wp\/v2\/media?parent=6385"}],"wp:term":[{"taxonomy":"category","embeddable":true,"href":"https:\/\/www.flemacon.org\/pt\/wp-json\/wp\/v2\/categories?post=6385"},{"taxonomy":"post_tag","embeddable":true,"href":"https:\/\/www.flemacon.org\/pt\/wp-json\/wp\/v2\/tags?post=6385"}],"curies":[{"name":"wp","href":"https:\/\/api.w.org\/{rel}","templated":true}]}}