{"id":7517,"date":"2023-08-02T10:20:21","date_gmt":"2023-08-02T10:20:21","guid":{"rendered":"https:\/\/www.flemacon.org\/?p=7517"},"modified":"2023-08-03T01:53:58","modified_gmt":"2023-08-03T01:53:58","slug":"violencia-peru","status":"publish","type":"post","link":"https:\/\/www.flemacon.org\/pt\/2023\/08\/violencia-peru\/","title":{"rendered":"FLEMACON repudia a viol\u00eancia contra dirigentes sindicais no Peru"},"content":{"rendered":"<p><strong>FLEMACON repudia a viol\u00eancia contra dirigentes sindicais no Peru<\/strong><\/p>\n<p>A Federa\u00e7\u00e3o Latino-Americana e\u00a0 Caribenha dos Trabalhadores da Constru\u00e7\u00e3o, Madeira e Materiais de Constru\u00e7\u00e3o (FLEMACON), representando os sindicatos de trabalhadores do ramo da constru\u00e7\u00e3o civil da Am\u00e9rica Latina e Caribe, torna p\u00fablico seu total rep\u00fadio ao atentado contra a vida do secret\u00e1rio geral do Sindicato dos Trabalhadores da Constru\u00e7\u00e3o Civil de Ica (Peru), camarada Mart\u00edn Rom\u00e1n Escate, cometidos por pistoleiros do paralelismo criminoso, que buscam apoderar-se de canteiros de obras na regi\u00e3o.<\/p>\n<p>A FLEMACON exige que as autoridades peruanas tomem as medidas cab\u00edveis e descubram o paradeiro dos autores do ataque, com car\u00e1ter de urg\u00eancia.<\/p>\n<p>Expressamos toda nossa solidariedade ao camarada Mart\u00edn Rom\u00e1n Escape e sua fam\u00edlia, ao Sindicato de Ica e \u00e0 Federa\u00e7\u00e3o dos Trabalhadores da Constru\u00e7\u00e3o Civil do Peru (FTCCP).<\/p>\n<p>A viol\u00eancia contra dirigentes sindicais \u00e9 um atentado aos direitos dos trabalhadores.<\/p>\n<p><strong>N\u00e3o \u00e0 viol\u00eancia!<\/strong><\/p>\n<p><strong>Abaixo o paralelismo criminoso!<\/strong><\/p>\n<p>LUCIA COSTA MAIA<br \/>\nPresidente da FLEMACON<\/p>\n","protected":false},"excerpt":{"rendered":"<p>FLEMACON repudia a viol\u00eancia contra dirigentes sindicais no Peru A Federa\u00e7\u00e3o Latino-Americana e\u00a0 Caribenha dos Trabalhadores da Constru\u00e7\u00e3o, Madeira e Materiais de Constru\u00e7\u00e3o (FLEMACON), representando os sindicatos de trabalhadores do ramo da constru\u00e7\u00e3o civil da Am\u00e9rica Latina e Caribe, torna p\u00fablico seu total rep\u00fadio ao atentado contra a vida do secret\u00e1rio geral do Sindicato dos [&hellip;]<\/p>\n","protected":false},"author":2,"featured_media":7519,"comment_status":"open","ping_status":"open","sticky":false,"template":"","format":"standard","meta":{"_coblocks_attr":"","_coblocks_dimensions":"","_coblocks_responsive_height":"","_coblocks_accordion_ie_support":"","footnotes":""},"categories":[28,35,31],"tags":[],"class_list":{"0":"post-7517","1":"post","2":"type-post","3":"status-publish","4":"format-standard","5":"has-post-thumbnail","7":"category-america-latina","8":"category-notas","9":"category-noticias-eventos"},"translation":{"provider":"WPGlobus","version":"3.0.2","language":"pt","enabled_languages":["es","pt"],"languages":{"es":{"title":true,"content":true,"excerpt":false},"pt":{"title":true,"content":true,"excerpt":false}}},"_links":{"self":[{"href":"https:\/\/www.flemacon.org\/pt\/wp-json\/wp\/v2\/posts\/7517","targetHints":{"allow":["GET"]}}],"collection":[{"href":"https:\/\/www.flemacon.org\/pt\/wp-json\/wp\/v2\/posts"}],"about":[{"href":"https:\/\/www.flemacon.org\/pt\/wp-json\/wp\/v2\/types\/post"}],"author":[{"embeddable":true,"href":"https:\/\/www.flemacon.org\/pt\/wp-json\/wp\/v2\/users\/2"}],"replies":[{"embeddable":true,"href":"https:\/\/www.flemacon.org\/pt\/wp-json\/wp\/v2\/comments?post=7517"}],"version-history":[{"count":3,"href":"https:\/\/www.flemacon.org\/pt\/wp-json\/wp\/v2\/posts\/7517\/revisions"}],"predecessor-version":[{"id":7523,"href":"https:\/\/www.flemacon.org\/pt\/wp-json\/wp\/v2\/posts\/7517\/revisions\/7523"}],"wp:featuredmedia":[{"embeddable":true,"href":"https:\/\/www.flemacon.org\/pt\/wp-json\/wp\/v2\/media\/7519"}],"wp:attachment":[{"href":"https:\/\/www.flemacon.org\/pt\/wp-json\/wp\/v2\/media?parent=7517"}],"wp:term":[{"taxonomy":"category","embeddable":true,"href":"https:\/\/www.flemacon.org\/pt\/wp-json\/wp\/v2\/categories?post=7517"},{"taxonomy":"post_tag","embeddable":true,"href":"https:\/\/www.flemacon.org\/pt\/wp-json\/wp\/v2\/tags?post=7517"}],"curies":[{"name":"wp","href":"https:\/\/api.w.org\/{rel}","templated":true}]}}