{"id":9945,"date":"2024-05-01T01:52:09","date_gmt":"2024-05-01T01:52:09","guid":{"rendered":"https:\/\/www.flemacon.org\/?p=9945"},"modified":"2024-05-01T05:01:26","modified_gmt":"2024-05-01T05:01:26","slug":"sunca-uruguai-convocacao-para-o-1o-de-maio","status":"publish","type":"post","link":"https:\/\/www.flemacon.org\/pt\/2024\/05\/sunca-uruguai-convocacao-para-o-1o-de-maio\/","title":{"rendered":"SUNCA Uruguai: Convoca\u00e7\u00e3o para o 1\u00ba de Maio"},"content":{"rendered":"<p><a href=\"https:\/\/www.facebook.com\/share\/r\/AjQ2LWWDSNjs1TyT\/?mibextid=D5vuiz\" target=\"_blank\" rel=\"noopener\">https:\/\/www.facebook.com\/share\/r\/AjQ2LWWDSNjs1TyT\/?mibextid=D5vuiz<\/a><\/p>\n<p>1\u00ba de Maio Dia internacional dos trabalhadores<\/p>\n<p>\u00b7 Rumo ao triunfo popular<\/p>\n<p>\u00b7 Por um pa\u00eds produtivo e com justi\u00e7a social<\/p>\n<p>\u00b7 \ud83c\uddfa\ud83c\uddfe \ud83d\udccd 10h Av. del Libertador e La Paz<\/p>\n<p>\u25aa\ufe0f Por uma vit\u00f3ria popular no plebiscito<\/p>\n<p>\u25aa\ufe0f Para superar a desigualdade e a pobreza<\/p>\n<p>\u25aa\ufe0f Devido \u00e0 redu\u00e7\u00e3o do hor\u00e1rio de trabalho<\/p>\n<p>\u25aa\ufe0f Por cargo e por sal\u00e1rio<\/p>\n<p>\u25aa\ufe0f Por um Sistema Nacional de Cuidados<\/p>\n<p>\u25aa\ufe0f Pela Verdade e Justi\u00e7a<\/p>\n<p>\u25aa\ufe0f Devido ao maior investimento p\u00fablico<\/p>\n<p>\u25aa\ufe0f Em defesa das empresas p\u00fablicas<\/p>\n<p>\u25aa\ufe0f Contra a desigualdade de g\u00e9nero<\/p>\n<p>\u25aa\ufe0f Para obter mais or\u00e7amento para preven\u00e7\u00e3o da VBG<\/p>\n<p>\u25aa\ufe0f Por or\u00e7amento para educa\u00e7\u00e3o p\u00fablica, habita\u00e7\u00e3o e sa\u00fade<\/p>\n<p>#1mayo2024<\/p>\n<p>#1mayo<\/p>\n<p>#Afirmatusderechos<\/p>\n<p>#SocialSecurityUY<\/p>\n<p><img loading=\"lazy\" decoding=\"async\" class=\"alignnone wp-image-9948 size-full\" src=\"https:\/\/www.flemacon.org\/wp-content\/uploads\/2024\/05\/Screenshot_20240501_015019.jpg\" alt=\"\" width=\"1080\" height=\"620\" srcset=\"https:\/\/www.flemacon.org\/wp-content\/uploads\/2024\/05\/Screenshot_20240501_015019.jpg 1080w, https:\/\/www.flemacon.org\/wp-content\/uploads\/2024\/05\/Screenshot_20240501_015019-300x172.jpg 300w, https:\/\/www.flemacon.org\/wp-content\/uploads\/2024\/05\/Screenshot_20240501_015019-1024x588.jpg 1024w, https:\/\/www.flemacon.org\/wp-content\/uploads\/2024\/05\/Screenshot_20240501_015019-768x441.jpg 768w, https:\/\/www.flemacon.org\/wp-content\/uploads\/2024\/05\/Screenshot_20240501_015019-150x86.jpg 150w, https:\/\/www.flemacon.org\/wp-content\/uploads\/2024\/05\/Screenshot_20240501_015019-696x400.jpg 696w, https:\/\/www.flemacon.org\/wp-content\/uploads\/2024\/05\/Screenshot_20240501_015019-1068x613.jpg 1068w\" sizes=\"auto, (max-width: 1080px) 100vw, 1080px\" \/><\/p>\n","protected":false},"excerpt":{"rendered":"<p>https:\/\/www.facebook.com\/share\/r\/AjQ2LWWDSNjs1TyT\/?mibextid=D5vuiz 1\u00ba de Maio Dia internacional dos trabalhadores \u00b7 Rumo ao triunfo popular \u00b7 Por um pa\u00eds produtivo e com justi\u00e7a social \u00b7 \ud83c\uddfa\ud83c\uddfe \ud83d\udccd 10h Av. del Libertador e La Paz \u25aa\ufe0f Por uma vit\u00f3ria popular no plebiscito \u25aa\ufe0f Para superar a desigualdade e a pobreza \u25aa\ufe0f Devido \u00e0 redu\u00e7\u00e3o do hor\u00e1rio de trabalho [&hellip;]<\/p>\n","protected":false},"author":2,"featured_media":9947,"comment_status":"open","ping_status":"open","sticky":false,"template":"","format":"standard","meta":{"_coblocks_attr":"","_coblocks_dimensions":"","_coblocks_responsive_height":"","_coblocks_accordion_ie_support":"","footnotes":""},"categories":[28,31],"tags":[],"class_list":{"0":"post-9945","1":"post","2":"type-post","3":"status-publish","4":"format-standard","5":"has-post-thumbnail","7":"category-america-latina","8":"category-noticias-eventos"},"translation":{"provider":"WPGlobus","version":"3.0.2","language":"pt","enabled_languages":["es","pt"],"languages":{"es":{"title":true,"content":true,"excerpt":false},"pt":{"title":true,"content":true,"excerpt":false}}},"_links":{"self":[{"href":"https:\/\/www.flemacon.org\/pt\/wp-json\/wp\/v2\/posts\/9945","targetHints":{"allow":["GET"]}}],"collection":[{"href":"https:\/\/www.flemacon.org\/pt\/wp-json\/wp\/v2\/posts"}],"about":[{"href":"https:\/\/www.flemacon.org\/pt\/wp-json\/wp\/v2\/types\/post"}],"author":[{"embeddable":true,"href":"https:\/\/www.flemacon.org\/pt\/wp-json\/wp\/v2\/users\/2"}],"replies":[{"embeddable":true,"href":"https:\/\/www.flemacon.org\/pt\/wp-json\/wp\/v2\/comments?post=9945"}],"version-history":[{"count":3,"href":"https:\/\/www.flemacon.org\/pt\/wp-json\/wp\/v2\/posts\/9945\/revisions"}],"predecessor-version":[{"id":9951,"href":"https:\/\/www.flemacon.org\/pt\/wp-json\/wp\/v2\/posts\/9945\/revisions\/9951"}],"wp:featuredmedia":[{"embeddable":true,"href":"https:\/\/www.flemacon.org\/pt\/wp-json\/wp\/v2\/media\/9947"}],"wp:attachment":[{"href":"https:\/\/www.flemacon.org\/pt\/wp-json\/wp\/v2\/media?parent=9945"}],"wp:term":[{"taxonomy":"category","embeddable":true,"href":"https:\/\/www.flemacon.org\/pt\/wp-json\/wp\/v2\/categories?post=9945"},{"taxonomy":"post_tag","embeddable":true,"href":"https:\/\/www.flemacon.org\/pt\/wp-json\/wp\/v2\/tags?post=9945"}],"curies":[{"name":"wp","href":"https:\/\/api.w.org\/{rel}","templated":true}]}}